
			
				
				
					
				

			
		{"items":"\n\t\t\t\t\t\t\t\t\t\t\t\n<article id=\"post-20441\" class=\"blog-design-masonry blog-post-loop blog-style-bg wd-add-shadow  col-lg-4 col-md-4 col-sm-6 col-12 post-20441 post type-post status-publish format-standard has-post-thumbnail hentry category-rentree-scolaire tag-alphabet tag-cahier tag-calligraphie tag-groove tag-maths\">\n\t<div class=\"article-inner\">\n\t\t\t\t\t<header class=\"entry-header\">\n\t\t\t\t\t\t\t\t\t\n\t\t\t\t\t<figure id=\"carousel-800\" class=\"entry-thumbnail\" data-owl-carousel data-hide_pagination_control=\"yes\" data-desktop=\"1\" data-tablet=\"1\" data-tablet_landscape=\"1\" data-mobile=\"1\">\n\t\t\t\t\t\t\n\t\t\t\t\t\t\t<div class=\"post-img-wrapp\">\n\t\t\t\t\t\t\t\t<a href=\"https:\/\/hiceb.fr\/les-cahiers-magiques-pour-les-enfants-quels-sont-leurs-avantages-pour-les-outils-en-cours\/\">\n\t\t\t\t\t\t\t\t\t<img width=\"1067\" height=\"800\" src=\"https:\/\/hiceb.fr\/wp-content\/uploads\/2023\/09\/collage-1067x800.webp\" class=\"attachment-large size-large\" alt=\"Groove calligraphie, Calligraphy, cahier magique, livre magique\" decoding=\"async\" srcset=\"https:\/\/hiceb.fr\/wp-content\/uploads\/2023\/09\/collage-1067x800.webp 1067w, https:\/\/hiceb.fr\/wp-content\/uploads\/2023\/09\/collage-400x300.webp 400w, https:\/\/hiceb.fr\/wp-content\/uploads\/2023\/09\/collage-768x576.webp 768w, https:\/\/hiceb.fr\/wp-content\/uploads\/2023\/09\/collage-1536x1152.webp 1536w, https:\/\/hiceb.fr\/wp-content\/uploads\/2023\/09\/collage-2048x1536.webp 2048w, https:\/\/hiceb.fr\/wp-content\/uploads\/2023\/09\/collage-860x645.webp 860w, https:\/\/hiceb.fr\/wp-content\/uploads\/2023\/09\/collage-1320x990.webp 1320w, https:\/\/hiceb.fr\/wp-content\/uploads\/2023\/09\/collage-430x323.webp 430w, https:\/\/hiceb.fr\/wp-content\/uploads\/2023\/09\/collage-700x525.webp 700w, https:\/\/hiceb.fr\/wp-content\/uploads\/2023\/09\/collage-150x113.webp 150w\" sizes=\"(max-width: 1067px) 100vw, 1067px\" \/>\t\t\t\t\t\t\t\t<\/a>\n\t\t\t\t\t\t\t<\/div>\n\t\t\t\t\t\t\t<div class=\"post-image-mask\">\n\t\t\t\t\t\t\t\t<span><\/span>\n\t\t\t\t\t\t\t<\/div>\n\n\t\t\t\t\t\t\n\t\t\t\t\t<\/figure>\n\t\t\t\t\n\t\t\t\t\t\t\t\t\t\t\t\t<div class=\"post-date wd-post-date wd-style-with-bg\" onclick=\"\">\n\t\t\t\t<span class=\"post-date-day\">\n\t\t\t\t\t18\t\t\t\t<\/span>\n\t\t\t\t<span class=\"post-date-month\">\n\t\t\t\t\tSep\t\t\t\t<\/span>\n\t\t\t<\/div>\n\t\t\t\t\t\t\n\t\t\t<\/header><!-- .entry-header -->\n\n\t\t<div class=\"article-body-container\">\n\t\t\t\n\t\t\t\t\t\t\t\t\t<div class=\"meta-categories-wrapp\"><div class=\"meta-post-categories wd-post-cat wd-style-with-bg\"><a href=\"https:\/\/hiceb.fr\/category\/rentree-scolaire\/\" rel=\"category tag\">Rentr\u00e9e scolaire<\/a><\/div><\/div>\n\t\t\t\t\n\t\t\t\t\t\t\t\t\t<h3 class=\"wd-entities-title title post-title\">\n\t\t\t\t\t\t<a href=\"https:\/\/hiceb.fr\/les-cahiers-magiques-pour-les-enfants-quels-sont-leurs-avantages-pour-les-outils-en-cours\/\" rel=\"bookmark\">Les cahiers magiques pour les enfants : quels sont leurs avantages pour les outils en cours ?<\/a>\n\t\t\t\t\t<\/h3>\n\t\t\t\t\n\t\t\t\t\t\t\t\t\t<div class=\"entry-meta wd-entry-meta\">\n\t\t\t\t\t\t\t\t\t<ul class=\"entry-meta-list\">\n\t\t\t\t\t\t\t\t\t<li class=\"modified-date\">\n\t\t\t\t\t\t\t\t<time class=\"updated\" datetime=\"2023-09-18T12:30:34+00:00\">\n\t\t\tseptembre 18, 2023\t\t<\/time>\n\t\t\t\t\t\t\t<\/li>\n\n\t\t\t\t\t\n\t\t\t\t\t\t\t\t\t\t\t<li class=\"meta-author\">\n\t\t\t\t\t\t\t\t\t\t\t\t<span>By<\/span>\n\t\t\n\t\t\t\t\t<img alt='author-avatar' src='https:\/\/secure.gravatar.com\/avatar\/cfa8b93f172f6d21dde514819f9fccad9d721fcdaaac14dfbb2ac9aeb5c0e0df?s=32&#038;d=mm&#038;r=g' srcset='https:\/\/secure.gravatar.com\/avatar\/cfa8b93f172f6d21dde514819f9fccad9d721fcdaaac14dfbb2ac9aeb5c0e0df?s=64&#038;d=mm&#038;r=g 2x' class='avatar avatar-32 photo' height='32' width='32' decoding='async'\/>\t\t\n\t\t<a href=\"https:\/\/hiceb.fr\/author\/elina\/\" rel=\"author\">\n\t\t\t<span class=\"vcard author author_name\">\n\t\t\t\t<span class=\"fn\">Christian<\/span>\n\t\t\t<\/span>\n\t\t<\/a>\n\t\t\t\t\t\t\t\t<\/li>\n\t\t\t\t\t\n\t\t\t\t\t\n\t\t\t\t\t\t\t\t\t\t\t<li class=\"meta-reply\">\n\t\t\t\t\t\t\t<a href=\"https:\/\/hiceb.fr\/les-cahiers-magiques-pour-les-enfants-quels-sont-leurs-avantages-pour-les-outils-en-cours\/#respond\"><span class=\"replies-count\">0<\/span> <span class=\"replies-count-label\">comments<\/span><\/a>\t\t\t\t\t\t<\/li>\n\t\t\t\t\t\t\t\t\t\t\t\t<\/ul>\n\t\t\t\t\t\t\t<\/div><!-- .entry-meta -->\n\t\t\t\t\t\t\t\t\t\t\t<div class=\"hovered-social-icons wd-tltp wd-tltp-top\">\n\t\t\t\t\t\t\t<div class=\"wd-tooltip-label\">\n\t\t\t\t\t\t\t\t\t\t\t<link rel=\"stylesheet\" id=\"wd-social-icons-css\" href=\"https:\/\/hiceb.fr\/wp-content\/themes\/woodmart\/css\/parts\/el-social-icons.min.css?ver=7.3.1\" type=\"text\/css\" media=\"all\" \/> \t\t\t\n\t\t\t<div class=\" wd-social-icons icons-design-default icons-size-small color-scheme-light social-share social-form-circle text-center\">\n\n\t\t\t\t\n\t\t\t\t\t\t\t\t\t<a rel=\"noopener noreferrer nofollow\" href=\"https:\/\/www.facebook.com\/sharer\/sharer.php?u=https:\/\/hiceb.fr\/les-cahiers-magiques-pour-les-enfants-quels-sont-leurs-avantages-pour-les-outils-en-cours\/\" target=\"_blank\" class=\" wd-social-icon social-facebook\" aria-label=\"Facebook social link\">\n\t\t\t\t\t\t<span class=\"wd-icon\"><\/span>\n\t\t\t\t\t\t\t\t\t\t\t<\/a>\n\t\t\t\t\n\t\t\t\t\t\t\t\t\t<a rel=\"noopener noreferrer nofollow\" href=\"https:\/\/twitter.com\/share?url=https:\/\/hiceb.fr\/les-cahiers-magiques-pour-les-enfants-quels-sont-leurs-avantages-pour-les-outils-en-cours\/\" target=\"_blank\" class=\" wd-social-icon social-twitter\" aria-label=\"Twitter social link\">\n\t\t\t\t\t\t<span class=\"wd-icon\"><\/span>\n\t\t\t\t\t\t\t\t\t\t\t<\/a>\n\t\t\t\t\n\t\t\t\t\n\t\t\t\t\n\t\t\t\t\n\t\t\t\t\t\t\t\t\t<a rel=\"noopener noreferrer nofollow\" href=\"https:\/\/pinterest.com\/pin\/create\/button\/?url=https:\/\/hiceb.fr\/les-cahiers-magiques-pour-les-enfants-quels-sont-leurs-avantages-pour-les-outils-en-cours\/&media=https:\/\/hiceb.fr\/wp-content\/uploads\/2023\/09\/collage-scaled.webp&description=Les+cahiers+magiques+pour+les+enfants+%3A+quels+sont+leurs+avantages+pour+les+outils+en+cours+%3F\" target=\"_blank\" class=\" wd-social-icon social-pinterest\" aria-label=\"Pinterest social link\">\n\t\t\t\t\t\t<span class=\"wd-icon\"><\/span>\n\t\t\t\t\t\t\t\t\t\t\t<\/a>\n\t\t\t\t\n\t\t\t\t\n\t\t\t\t\t\t\t\t\t<a rel=\"noopener noreferrer nofollow\" href=\"https:\/\/www.linkedin.com\/shareArticle?mini=true&url=https:\/\/hiceb.fr\/les-cahiers-magiques-pour-les-enfants-quels-sont-leurs-avantages-pour-les-outils-en-cours\/\" target=\"_blank\" class=\" wd-social-icon social-linkedin\" aria-label=\"Linkedin social link\">\n\t\t\t\t\t\t<span class=\"wd-icon\"><\/span>\n\t\t\t\t\t\t\t\t\t\t\t<\/a>\n\t\t\t\t\n\t\t\t\t\n\t\t\t\t\n\t\t\t\t\n\t\t\t\t\n\t\t\t\t\n\t\t\t\t\n\t\t\t\t\n\t\t\t\t\n\t\t\t\t\n\t\t\t\t\t\t\t\t\n\t\t\t\t\t\t\t\t\n\t\t\t\t\n\t\t\t\t\n\t\t\t\t\t\t\t\t\t<a rel=\"noopener noreferrer nofollow\" href=\"https:\/\/telegram.me\/share\/url?url=https:\/\/hiceb.fr\/les-cahiers-magiques-pour-les-enfants-quels-sont-leurs-avantages-pour-les-outils-en-cours\/\" target=\"_blank\" class=\" wd-social-icon social-tg\" aria-label=\"Telegram social link\">\n\t\t\t\t\t\t<span class=\"wd-icon\"><\/span>\n\t\t\t\t\t\t\t\t\t\t\t<\/a>\n\t\t\t\t\t\t\t\t\n\t\t\t\t\n\t\t\t<\/div>\n\n\t\t\t\t\t\t\t\t\t<\/div>\n\t\t\t\t\t\t<\/div>\n\t\t\t\t\t\t\t\t\t\t\t\t\n\t\t\t\t\t\t\t\n\t\t\t\t                    <div class=\"entry-content wd-entry-content\">\n\t\t\t\t\t\t<p>Les cahiers magiques pour les enfants sont des cahiers r\u00e9utilisables qui offrent de nombreux avantages aux enfants qui utilisent des outils en cours. Ils sont efficaces, \u00e9cologiques, ludiques et cr\u00e9atifs. Ils sont disponibles sur plusieurs sites internet, comme Hiceb.fr et autres.<\/p>\n\n\t\t\t\t\t\t\t\t\t\t\t<\/div><!-- .entry-content -->\n\t\t\t\t\n\t\t\t\t\t\t\t\t\t\t\t\t\t\t<p class=\"read-more-section\">\n\t\t\t\t\t\t<a class=\"btn-read-more more-link\" href=\"https:\/\/hiceb.fr\/les-cahiers-magiques-pour-les-enfants-quels-sont-leurs-avantages-pour-les-outils-en-cours\/\">Continue reading<\/a>\t\t\t\t\t<\/p>\n\t\t\t\t\t\t\t\t\t\t\t\n\t\t\t\n\t\t\t\t\t<\/div>\n\t<\/div>\n<\/article><!-- #post -->\n\n\n\t\t\t\t\t\t\t\t\t\t\t\n<article id=\"post-20436\" class=\"blog-design-masonry blog-post-loop blog-style-bg wd-add-shadow  col-lg-4 col-md-4 col-sm-6 col-12 first  post-20436 post type-post status-publish format-standard has-post-thumbnail hentry category-inspiration tag-eleve tag-etudiant tag-rentree tag-sac tag-trousse\">\n\t<div class=\"article-inner\">\n\t\t\t\t\t<header class=\"entry-header\">\n\t\t\t\t\t\t\t\t\t\n\t\t\t\t\t<figure id=\"carousel-353\" class=\"entry-thumbnail\" data-owl-carousel data-hide_pagination_control=\"yes\" data-desktop=\"1\" data-tablet=\"1\" data-tablet_landscape=\"1\" data-mobile=\"1\">\n\t\t\t\t\t\t\n\t\t\t\t\t\t\t<div class=\"post-img-wrapp\">\n\t\t\t\t\t\t\t\t<a href=\"https:\/\/hiceb.fr\/la-trousse-un-produit-essentiel-pour-la-rentree-scolaire\/\">\n\t\t\t\t\t\t\t\t\t<img width=\"570\" height=\"428\" src=\"https:\/\/hiceb.fr\/wp-content\/uploads\/2023\/09\/il_570xN.3145958182_8pfn.webp\" class=\"attachment-large size-large\" alt=\"\" decoding=\"async\" srcset=\"https:\/\/hiceb.fr\/wp-content\/uploads\/2023\/09\/il_570xN.3145958182_8pfn.webp 570w, https:\/\/hiceb.fr\/wp-content\/uploads\/2023\/09\/il_570xN.3145958182_8pfn-400x300.webp 400w, https:\/\/hiceb.fr\/wp-content\/uploads\/2023\/09\/il_570xN.3145958182_8pfn-430x323.webp 430w, https:\/\/hiceb.fr\/wp-content\/uploads\/2023\/09\/il_570xN.3145958182_8pfn-150x113.webp 150w\" sizes=\"(max-width: 570px) 100vw, 570px\" \/>\t\t\t\t\t\t\t\t<\/a>\n\t\t\t\t\t\t\t<\/div>\n\t\t\t\t\t\t\t<div class=\"post-image-mask\">\n\t\t\t\t\t\t\t\t<span><\/span>\n\t\t\t\t\t\t\t<\/div>\n\n\t\t\t\t\t\t\n\t\t\t\t\t<\/figure>\n\t\t\t\t\n\t\t\t\t\t\t\t\t\t\t\t\t<div class=\"post-date wd-post-date wd-style-with-bg\" onclick=\"\">\n\t\t\t\t<span class=\"post-date-day\">\n\t\t\t\t\t18\t\t\t\t<\/span>\n\t\t\t\t<span class=\"post-date-month\">\n\t\t\t\t\tSep\t\t\t\t<\/span>\n\t\t\t<\/div>\n\t\t\t\t\t\t\n\t\t\t<\/header><!-- .entry-header -->\n\n\t\t<div class=\"article-body-container\">\n\t\t\t\n\t\t\t\t\t\t\t\t\t<div class=\"meta-categories-wrapp\"><div class=\"meta-post-categories wd-post-cat wd-style-with-bg\"><a href=\"https:\/\/hiceb.fr\/category\/inspiration\/\" rel=\"category tag\">Inspiration<\/a><\/div><\/div>\n\t\t\t\t\n\t\t\t\t\t\t\t\t\t<h3 class=\"wd-entities-title title post-title\">\n\t\t\t\t\t\t<a href=\"https:\/\/hiceb.fr\/la-trousse-un-produit-essentiel-pour-la-rentree-scolaire\/\" rel=\"bookmark\">La trousse : un produit essentiel pour la rentr\u00e9e scolaire<\/a>\n\t\t\t\t\t<\/h3>\n\t\t\t\t\n\t\t\t\t\t\t\t\t\t<div class=\"entry-meta wd-entry-meta\">\n\t\t\t\t\t\t\t\t\t<ul class=\"entry-meta-list\">\n\t\t\t\t\t\t\t\t\t<li class=\"modified-date\">\n\t\t\t\t\t\t\t\t<time class=\"updated\" datetime=\"2023-09-18T12:16:54+00:00\">\n\t\t\tseptembre 18, 2023\t\t<\/time>\n\t\t\t\t\t\t\t<\/li>\n\n\t\t\t\t\t\n\t\t\t\t\t\t\t\t\t\t\t<li class=\"meta-author\">\n\t\t\t\t\t\t\t\t\t\t\t\t<span>By<\/span>\n\t\t\n\t\t\t\t\t<img alt='author-avatar' src='https:\/\/secure.gravatar.com\/avatar\/cfa8b93f172f6d21dde514819f9fccad9d721fcdaaac14dfbb2ac9aeb5c0e0df?s=32&#038;d=mm&#038;r=g' srcset='https:\/\/secure.gravatar.com\/avatar\/cfa8b93f172f6d21dde514819f9fccad9d721fcdaaac14dfbb2ac9aeb5c0e0df?s=64&#038;d=mm&#038;r=g 2x' class='avatar avatar-32 photo' height='32' width='32' decoding='async'\/>\t\t\n\t\t<a href=\"https:\/\/hiceb.fr\/author\/elina\/\" rel=\"author\">\n\t\t\t<span class=\"vcard author author_name\">\n\t\t\t\t<span class=\"fn\">Christian<\/span>\n\t\t\t<\/span>\n\t\t<\/a>\n\t\t\t\t\t\t\t\t<\/li>\n\t\t\t\t\t\n\t\t\t\t\t\n\t\t\t\t\t\t\t\t\t\t\t<li class=\"meta-reply\">\n\t\t\t\t\t\t\t<a href=\"https:\/\/hiceb.fr\/la-trousse-un-produit-essentiel-pour-la-rentree-scolaire\/#respond\"><span class=\"replies-count\">0<\/span> <span class=\"replies-count-label\">comments<\/span><\/a>\t\t\t\t\t\t<\/li>\n\t\t\t\t\t\t\t\t\t\t\t\t<\/ul>\n\t\t\t\t\t\t\t<\/div><!-- .entry-meta -->\n\t\t\t\t\t\t\t\t\t\t\t<div class=\"hovered-social-icons wd-tltp wd-tltp-top\">\n\t\t\t\t\t\t\t<div class=\"wd-tooltip-label\">\n\t\t\t\t\t\t\t\t\n\t\t\t<div class=\" wd-social-icons icons-design-default icons-size-small color-scheme-light social-share social-form-circle text-center\">\n\n\t\t\t\t\n\t\t\t\t\t\t\t\t\t<a rel=\"noopener noreferrer nofollow\" href=\"https:\/\/www.facebook.com\/sharer\/sharer.php?u=https:\/\/hiceb.fr\/la-trousse-un-produit-essentiel-pour-la-rentree-scolaire\/\" target=\"_blank\" class=\" wd-social-icon social-facebook\" aria-label=\"Facebook social link\">\n\t\t\t\t\t\t<span class=\"wd-icon\"><\/span>\n\t\t\t\t\t\t\t\t\t\t\t<\/a>\n\t\t\t\t\n\t\t\t\t\t\t\t\t\t<a rel=\"noopener noreferrer nofollow\" href=\"https:\/\/twitter.com\/share?url=https:\/\/hiceb.fr\/la-trousse-un-produit-essentiel-pour-la-rentree-scolaire\/\" target=\"_blank\" class=\" wd-social-icon social-twitter\" aria-label=\"Twitter social link\">\n\t\t\t\t\t\t<span class=\"wd-icon\"><\/span>\n\t\t\t\t\t\t\t\t\t\t\t<\/a>\n\t\t\t\t\n\t\t\t\t\n\t\t\t\t\n\t\t\t\t\n\t\t\t\t\t\t\t\t\t<a rel=\"noopener noreferrer nofollow\" href=\"https:\/\/pinterest.com\/pin\/create\/button\/?url=https:\/\/hiceb.fr\/la-trousse-un-produit-essentiel-pour-la-rentree-scolaire\/&media=https:\/\/hiceb.fr\/wp-content\/uploads\/2023\/09\/il_570xN.3145958182_8pfn.webp&description=La+trousse+%3A+un+produit+essentiel+pour+la+rentr%C3%A9e+scolaire\" target=\"_blank\" class=\" wd-social-icon social-pinterest\" aria-label=\"Pinterest social link\">\n\t\t\t\t\t\t<span class=\"wd-icon\"><\/span>\n\t\t\t\t\t\t\t\t\t\t\t<\/a>\n\t\t\t\t\n\t\t\t\t\n\t\t\t\t\t\t\t\t\t<a rel=\"noopener noreferrer nofollow\" href=\"https:\/\/www.linkedin.com\/shareArticle?mini=true&url=https:\/\/hiceb.fr\/la-trousse-un-produit-essentiel-pour-la-rentree-scolaire\/\" target=\"_blank\" class=\" wd-social-icon social-linkedin\" aria-label=\"Linkedin social link\">\n\t\t\t\t\t\t<span class=\"wd-icon\"><\/span>\n\t\t\t\t\t\t\t\t\t\t\t<\/a>\n\t\t\t\t\n\t\t\t\t\n\t\t\t\t\n\t\t\t\t\n\t\t\t\t\n\t\t\t\t\n\t\t\t\t\n\t\t\t\t\n\t\t\t\t\n\t\t\t\t\n\t\t\t\t\t\t\t\t\n\t\t\t\t\t\t\t\t\n\t\t\t\t\n\t\t\t\t\n\t\t\t\t\t\t\t\t\t<a rel=\"noopener noreferrer nofollow\" href=\"https:\/\/telegram.me\/share\/url?url=https:\/\/hiceb.fr\/la-trousse-un-produit-essentiel-pour-la-rentree-scolaire\/\" target=\"_blank\" class=\" wd-social-icon social-tg\" aria-label=\"Telegram social link\">\n\t\t\t\t\t\t<span class=\"wd-icon\"><\/span>\n\t\t\t\t\t\t\t\t\t\t\t<\/a>\n\t\t\t\t\t\t\t\t\n\t\t\t\t\n\t\t\t<\/div>\n\n\t\t\t\t\t\t\t\t\t<\/div>\n\t\t\t\t\t\t<\/div>\n\t\t\t\t\t\t\t\t\t\t\t\t\n\t\t\t\t\t\t\t\n\t\t\t\t                    <div class=\"entry-content wd-entry-content\">\n\t\t\t\t\t\t<p>La trousse est un produit essentiel pour la rentr\u00e9e scolaire, qui n\u00e9cessite une attention particuli\u00e8re. Il faut trouver le bon \u00e9quilibre entre le prix, le style et la praticit\u00e9. Il faut aussi penser \u00e0 l\u2019entretien de la trousse, en la nettoyant r\u00e9guli\u00e8rement et en la r\u00e9parant si besoin. Une bonne trousse peut durer plusieurs ann\u00e9es et accompagner l\u2019\u00e9l\u00e8ve dans ses activit\u00e9s.<\/p>\n\n\t\t\t\t\t\t\t\t\t\t\t<\/div><!-- .entry-content -->\n\t\t\t\t\n\t\t\t\t\t\t\t\t\t\t\t\t\t\t<p class=\"read-more-section\">\n\t\t\t\t\t\t<a class=\"btn-read-more more-link\" href=\"https:\/\/hiceb.fr\/la-trousse-un-produit-essentiel-pour-la-rentree-scolaire\/\">Continue reading<\/a>\t\t\t\t\t<\/p>\n\t\t\t\t\t\t\t\t\t\t\t\n\t\t\t\n\t\t\t\t\t<\/div>\n\t<\/div>\n<\/article><!-- #post -->\n\n\n\t\t\t\t\t\t\t\t\t\t\t\n<article id=\"post-20431\" class=\"blog-design-masonry blog-post-loop blog-style-bg wd-add-shadow  col-lg-4 col-md-4 col-sm-6 col-12 post-20431 post type-post status-publish format-standard has-post-thumbnail hentry category-rentree-scolaire tag-eleve tag-etudiant tag-rentree-scolaire tag-stylo\">\n\t<div class=\"article-inner\">\n\t\t\t\t\t<header class=\"entry-header\">\n\t\t\t\t\t\t\t\t\t\n\t\t\t\t\t<figure id=\"carousel-533\" class=\"entry-thumbnail\" data-owl-carousel data-hide_pagination_control=\"yes\" data-desktop=\"1\" data-tablet=\"1\" data-tablet_landscape=\"1\" data-mobile=\"1\">\n\t\t\t\t\t\t\n\t\t\t\t\t\t\t<div class=\"post-img-wrapp\">\n\t\t\t\t\t\t\t\t<a href=\"https:\/\/hiceb.fr\/le-stylo-un-produit-indispensable-pour-la-rentree-scolaire\/\">\n\t\t\t\t\t\t\t\t\t<img width=\"800\" height=\"600\" src=\"https:\/\/hiceb.fr\/wp-content\/uploads\/2023\/09\/comment-choisir-bonne-plume-stylo-plume-1-cf001f79-jpeg.webp\" class=\"attachment-large size-large\" alt=\"\" decoding=\"async\" srcset=\"https:\/\/hiceb.fr\/wp-content\/uploads\/2023\/09\/comment-choisir-bonne-plume-stylo-plume-1-cf001f79-jpeg.webp 800w, https:\/\/hiceb.fr\/wp-content\/uploads\/2023\/09\/comment-choisir-bonne-plume-stylo-plume-1-cf001f79-400x300.webp 400w, https:\/\/hiceb.fr\/wp-content\/uploads\/2023\/09\/comment-choisir-bonne-plume-stylo-plume-1-cf001f79-768x576.webp 768w, https:\/\/hiceb.fr\/wp-content\/uploads\/2023\/09\/comment-choisir-bonne-plume-stylo-plume-1-cf001f79-430x323.webp 430w, https:\/\/hiceb.fr\/wp-content\/uploads\/2023\/09\/comment-choisir-bonne-plume-stylo-plume-1-cf001f79-700x525.webp 700w, https:\/\/hiceb.fr\/wp-content\/uploads\/2023\/09\/comment-choisir-bonne-plume-stylo-plume-1-cf001f79-150x113.webp 150w\" sizes=\"(max-width: 800px) 100vw, 800px\" \/>\t\t\t\t\t\t\t\t<\/a>\n\t\t\t\t\t\t\t<\/div>\n\t\t\t\t\t\t\t<div class=\"post-image-mask\">\n\t\t\t\t\t\t\t\t<span><\/span>\n\t\t\t\t\t\t\t<\/div>\n\n\t\t\t\t\t\t\n\t\t\t\t\t<\/figure>\n\t\t\t\t\n\t\t\t\t\t\t\t\t\t\t\t\t<div class=\"post-date wd-post-date wd-style-with-bg\" onclick=\"\">\n\t\t\t\t<span class=\"post-date-day\">\n\t\t\t\t\t18\t\t\t\t<\/span>\n\t\t\t\t<span class=\"post-date-month\">\n\t\t\t\t\tSep\t\t\t\t<\/span>\n\t\t\t<\/div>\n\t\t\t\t\t\t\n\t\t\t<\/header><!-- .entry-header -->\n\n\t\t<div class=\"article-body-container\">\n\t\t\t\n\t\t\t\t\t\t\t\t\t<div class=\"meta-categories-wrapp\"><div class=\"meta-post-categories wd-post-cat wd-style-with-bg\"><a href=\"https:\/\/hiceb.fr\/category\/rentree-scolaire\/\" rel=\"category tag\">Rentr\u00e9e scolaire<\/a><\/div><\/div>\n\t\t\t\t\n\t\t\t\t\t\t\t\t\t<h3 class=\"wd-entities-title title post-title\">\n\t\t\t\t\t\t<a href=\"https:\/\/hiceb.fr\/le-stylo-un-produit-indispensable-pour-la-rentree-scolaire\/\" rel=\"bookmark\">Le stylo : un produit indispensable pour la rentr\u00e9e scolaire<\/a>\n\t\t\t\t\t<\/h3>\n\t\t\t\t\n\t\t\t\t\t\t\t\t\t<div class=\"entry-meta wd-entry-meta\">\n\t\t\t\t\t\t\t\t\t<ul class=\"entry-meta-list\">\n\t\t\t\t\t\t\t\t\t<li class=\"modified-date\">\n\t\t\t\t\t\t\t\t<time class=\"updated\" datetime=\"2023-09-18T12:09:58+00:00\">\n\t\t\tseptembre 18, 2023\t\t<\/time>\n\t\t\t\t\t\t\t<\/li>\n\n\t\t\t\t\t\n\t\t\t\t\t\t\t\t\t\t\t<li class=\"meta-author\">\n\t\t\t\t\t\t\t\t\t\t\t\t<span>By<\/span>\n\t\t\n\t\t\t\t\t<img alt='author-avatar' src='https:\/\/secure.gravatar.com\/avatar\/cfa8b93f172f6d21dde514819f9fccad9d721fcdaaac14dfbb2ac9aeb5c0e0df?s=32&#038;d=mm&#038;r=g' srcset='https:\/\/secure.gravatar.com\/avatar\/cfa8b93f172f6d21dde514819f9fccad9d721fcdaaac14dfbb2ac9aeb5c0e0df?s=64&#038;d=mm&#038;r=g 2x' class='avatar avatar-32 photo' height='32' width='32' decoding='async'\/>\t\t\n\t\t<a href=\"https:\/\/hiceb.fr\/author\/elina\/\" rel=\"author\">\n\t\t\t<span class=\"vcard author author_name\">\n\t\t\t\t<span class=\"fn\">Christian<\/span>\n\t\t\t<\/span>\n\t\t<\/a>\n\t\t\t\t\t\t\t\t<\/li>\n\t\t\t\t\t\n\t\t\t\t\t\n\t\t\t\t\t\t\t\t\t\t\t<li class=\"meta-reply\">\n\t\t\t\t\t\t\t<a href=\"https:\/\/hiceb.fr\/le-stylo-un-produit-indispensable-pour-la-rentree-scolaire\/#respond\"><span class=\"replies-count\">0<\/span> <span class=\"replies-count-label\">comments<\/span><\/a>\t\t\t\t\t\t<\/li>\n\t\t\t\t\t\t\t\t\t\t\t\t<\/ul>\n\t\t\t\t\t\t\t<\/div><!-- .entry-meta -->\n\t\t\t\t\t\t\t\t\t\t\t<div class=\"hovered-social-icons wd-tltp wd-tltp-top\">\n\t\t\t\t\t\t\t<div class=\"wd-tooltip-label\">\n\t\t\t\t\t\t\t\t\n\t\t\t<div class=\" wd-social-icons icons-design-default icons-size-small color-scheme-light social-share social-form-circle text-center\">\n\n\t\t\t\t\n\t\t\t\t\t\t\t\t\t<a rel=\"noopener noreferrer nofollow\" href=\"https:\/\/www.facebook.com\/sharer\/sharer.php?u=https:\/\/hiceb.fr\/le-stylo-un-produit-indispensable-pour-la-rentree-scolaire\/\" target=\"_blank\" class=\" wd-social-icon social-facebook\" aria-label=\"Facebook social link\">\n\t\t\t\t\t\t<span class=\"wd-icon\"><\/span>\n\t\t\t\t\t\t\t\t\t\t\t<\/a>\n\t\t\t\t\n\t\t\t\t\t\t\t\t\t<a rel=\"noopener noreferrer nofollow\" href=\"https:\/\/twitter.com\/share?url=https:\/\/hiceb.fr\/le-stylo-un-produit-indispensable-pour-la-rentree-scolaire\/\" target=\"_blank\" class=\" wd-social-icon social-twitter\" aria-label=\"Twitter social link\">\n\t\t\t\t\t\t<span class=\"wd-icon\"><\/span>\n\t\t\t\t\t\t\t\t\t\t\t<\/a>\n\t\t\t\t\n\t\t\t\t\n\t\t\t\t\n\t\t\t\t\n\t\t\t\t\t\t\t\t\t<a rel=\"noopener noreferrer nofollow\" href=\"https:\/\/pinterest.com\/pin\/create\/button\/?url=https:\/\/hiceb.fr\/le-stylo-un-produit-indispensable-pour-la-rentree-scolaire\/&media=https:\/\/hiceb.fr\/wp-content\/uploads\/2023\/09\/comment-choisir-bonne-plume-stylo-plume-1-cf001f79-jpeg.webp&description=Le+stylo+%3A+un+produit+indispensable+pour+la+rentr%C3%A9e+scolaire\" target=\"_blank\" class=\" wd-social-icon social-pinterest\" aria-label=\"Pinterest social link\">\n\t\t\t\t\t\t<span class=\"wd-icon\"><\/span>\n\t\t\t\t\t\t\t\t\t\t\t<\/a>\n\t\t\t\t\n\t\t\t\t\n\t\t\t\t\t\t\t\t\t<a rel=\"noopener noreferrer nofollow\" href=\"https:\/\/www.linkedin.com\/shareArticle?mini=true&url=https:\/\/hiceb.fr\/le-stylo-un-produit-indispensable-pour-la-rentree-scolaire\/\" target=\"_blank\" class=\" wd-social-icon social-linkedin\" aria-label=\"Linkedin social link\">\n\t\t\t\t\t\t<span class=\"wd-icon\"><\/span>\n\t\t\t\t\t\t\t\t\t\t\t<\/a>\n\t\t\t\t\n\t\t\t\t\n\t\t\t\t\n\t\t\t\t\n\t\t\t\t\n\t\t\t\t\n\t\t\t\t\n\t\t\t\t\n\t\t\t\t\n\t\t\t\t\n\t\t\t\t\t\t\t\t\n\t\t\t\t\t\t\t\t\n\t\t\t\t\n\t\t\t\t\n\t\t\t\t\t\t\t\t\t<a rel=\"noopener noreferrer nofollow\" href=\"https:\/\/telegram.me\/share\/url?url=https:\/\/hiceb.fr\/le-stylo-un-produit-indispensable-pour-la-rentree-scolaire\/\" target=\"_blank\" class=\" wd-social-icon social-tg\" aria-label=\"Telegram social link\">\n\t\t\t\t\t\t<span class=\"wd-icon\"><\/span>\n\t\t\t\t\t\t\t\t\t\t\t<\/a>\n\t\t\t\t\t\t\t\t\n\t\t\t\t\n\t\t\t<\/div>\n\n\t\t\t\t\t\t\t\t\t<\/div>\n\t\t\t\t\t\t<\/div>\n\t\t\t\t\t\t\t\t\t\t\t\t\n\t\t\t\t\t\t\t\n\t\t\t\t                    <div class=\"entry-content wd-entry-content\">\n\t\t\t\t\t\t<p>Le stylo est un produit indispensable pour la rentr\u00e9e scolaire, qui n\u00e9cessite une attention particuli\u00e8re. Il faut trouver le bon \u00e9quilibre entre le prix, le confort et la qualit\u00e9. Il faut aussi penser \u00e0 l\u2019entretien du stylo, en le nettoyant r\u00e9guli\u00e8rement et en le rechargeant si besoin.<\/p>\n\n\t\t\t\t\t\t\t\t\t\t\t<\/div><!-- .entry-content -->\n\t\t\t\t\n\t\t\t\t\t\t\t\t\t\t\t\t\t\t<p class=\"read-more-section\">\n\t\t\t\t\t\t<a class=\"btn-read-more more-link\" href=\"https:\/\/hiceb.fr\/le-stylo-un-produit-indispensable-pour-la-rentree-scolaire\/\">Continue reading<\/a>\t\t\t\t\t<\/p>\n\t\t\t\t\t\t\t\t\t\t\t\n\t\t\t\n\t\t\t\t\t<\/div>\n\t<\/div>\n<\/article><!-- #post -->\n\n\n\t\t\t\t\t\t\t\t\t\t\t\n<article id=\"post-20396\" class=\"blog-design-masonry blog-post-loop blog-style-bg wd-add-shadow  col-lg-4 col-md-4 col-sm-6 col-12 last  post-20396 post type-post status-publish format-standard has-post-thumbnail hentry category-rentree-scolaire tag-cartable tag-rentree-scolaire tag-sac\">\n\t<div class=\"article-inner\">\n\t\t\t\t\t<header class=\"entry-header\">\n\t\t\t\t\t\t\t\t\t\n\t\t\t\t\t<figure id=\"carousel-166\" class=\"entry-thumbnail\" data-owl-carousel data-hide_pagination_control=\"yes\" data-desktop=\"1\" data-tablet=\"1\" data-tablet_landscape=\"1\" data-mobile=\"1\">\n\t\t\t\t\t\t\n\t\t\t\t\t\t\t<div class=\"post-img-wrapp\">\n\t\t\t\t\t\t\t\t<a href=\"https:\/\/hiceb.fr\/le-cartable-un-produit-incontournable-de-la-rentree-scolaire\/\">\n\t\t\t\t\t\t\t\t\t<img width=\"780\" height=\"400\" src=\"https:\/\/hiceb.fr\/wp-content\/uploads\/2023\/09\/cartable-780x400-1.png\" class=\"attachment-large size-large\" alt=\"\" decoding=\"async\" srcset=\"https:\/\/hiceb.fr\/wp-content\/uploads\/2023\/09\/cartable-780x400-1.png 780w, https:\/\/hiceb.fr\/wp-content\/uploads\/2023\/09\/cartable-780x400-1-400x205.png 400w, https:\/\/hiceb.fr\/wp-content\/uploads\/2023\/09\/cartable-780x400-1-768x394.png 768w, https:\/\/hiceb.fr\/wp-content\/uploads\/2023\/09\/cartable-780x400-1-430x221.png 430w, https:\/\/hiceb.fr\/wp-content\/uploads\/2023\/09\/cartable-780x400-1-700x359.png 700w, https:\/\/hiceb.fr\/wp-content\/uploads\/2023\/09\/cartable-780x400-1-150x77.png 150w\" sizes=\"(max-width: 780px) 100vw, 780px\" \/>\t\t\t\t\t\t\t\t<\/a>\n\t\t\t\t\t\t\t<\/div>\n\t\t\t\t\t\t\t<div class=\"post-image-mask\">\n\t\t\t\t\t\t\t\t<span><\/span>\n\t\t\t\t\t\t\t<\/div>\n\n\t\t\t\t\t\t\n\t\t\t\t\t<\/figure>\n\t\t\t\t\n\t\t\t\t\t\t\t\t\t\t\t\t<div class=\"post-date wd-post-date wd-style-with-bg\" onclick=\"\">\n\t\t\t\t<span class=\"post-date-day\">\n\t\t\t\t\t18\t\t\t\t<\/span>\n\t\t\t\t<span class=\"post-date-month\">\n\t\t\t\t\tSep\t\t\t\t<\/span>\n\t\t\t<\/div>\n\t\t\t\t\t\t\n\t\t\t<\/header><!-- .entry-header -->\n\n\t\t<div class=\"article-body-container\">\n\t\t\t\n\t\t\t\t\t\t\t\t\t<div class=\"meta-categories-wrapp\"><div class=\"meta-post-categories wd-post-cat wd-style-with-bg\"><a href=\"https:\/\/hiceb.fr\/category\/rentree-scolaire\/\" rel=\"category tag\">Rentr\u00e9e scolaire<\/a><\/div><\/div>\n\t\t\t\t\n\t\t\t\t\t\t\t\t\t<h3 class=\"wd-entities-title title post-title\">\n\t\t\t\t\t\t<a href=\"https:\/\/hiceb.fr\/le-cartable-un-produit-incontournable-de-la-rentree-scolaire\/\" rel=\"bookmark\">Le cartable : un produit incontournable de la rentr\u00e9e scolaire<\/a>\n\t\t\t\t\t<\/h3>\n\t\t\t\t\n\t\t\t\t\t\t\t\t\t<div class=\"entry-meta wd-entry-meta\">\n\t\t\t\t\t\t\t\t\t<ul class=\"entry-meta-list\">\n\t\t\t\t\t\t\t\t\t<li class=\"modified-date\">\n\t\t\t\t\t\t\t\t<time class=\"updated\" datetime=\"2023-09-18T10:16:11+00:00\">\n\t\t\tseptembre 18, 2023\t\t<\/time>\n\t\t\t\t\t\t\t<\/li>\n\n\t\t\t\t\t\n\t\t\t\t\t\t\t\t\t\t\t<li class=\"meta-author\">\n\t\t\t\t\t\t\t\t\t\t\t\t<span>By<\/span>\n\t\t\n\t\t\t\t\t<img alt='author-avatar' src='https:\/\/secure.gravatar.com\/avatar\/cfa8b93f172f6d21dde514819f9fccad9d721fcdaaac14dfbb2ac9aeb5c0e0df?s=32&#038;d=mm&#038;r=g' srcset='https:\/\/secure.gravatar.com\/avatar\/cfa8b93f172f6d21dde514819f9fccad9d721fcdaaac14dfbb2ac9aeb5c0e0df?s=64&#038;d=mm&#038;r=g 2x' class='avatar avatar-32 photo' height='32' width='32' decoding='async'\/>\t\t\n\t\t<a href=\"https:\/\/hiceb.fr\/author\/elina\/\" rel=\"author\">\n\t\t\t<span class=\"vcard author author_name\">\n\t\t\t\t<span class=\"fn\">Christian<\/span>\n\t\t\t<\/span>\n\t\t<\/a>\n\t\t\t\t\t\t\t\t<\/li>\n\t\t\t\t\t\n\t\t\t\t\t\n\t\t\t\t\t\t\t\t\t\t\t<li class=\"meta-reply\">\n\t\t\t\t\t\t\t<a href=\"https:\/\/hiceb.fr\/le-cartable-un-produit-incontournable-de-la-rentree-scolaire\/#respond\"><span class=\"replies-count\">0<\/span> <span class=\"replies-count-label\">comments<\/span><\/a>\t\t\t\t\t\t<\/li>\n\t\t\t\t\t\t\t\t\t\t\t\t<\/ul>\n\t\t\t\t\t\t\t<\/div><!-- .entry-meta -->\n\t\t\t\t\t\t\t\t\t\t\t<div class=\"hovered-social-icons wd-tltp wd-tltp-top\">\n\t\t\t\t\t\t\t<div class=\"wd-tooltip-label\">\n\t\t\t\t\t\t\t\t\n\t\t\t<div class=\" wd-social-icons icons-design-default icons-size-small color-scheme-light social-share social-form-circle text-center\">\n\n\t\t\t\t\n\t\t\t\t\t\t\t\t\t<a rel=\"noopener noreferrer nofollow\" href=\"https:\/\/www.facebook.com\/sharer\/sharer.php?u=https:\/\/hiceb.fr\/le-cartable-un-produit-incontournable-de-la-rentree-scolaire\/\" target=\"_blank\" class=\" wd-social-icon social-facebook\" aria-label=\"Facebook social link\">\n\t\t\t\t\t\t<span class=\"wd-icon\"><\/span>\n\t\t\t\t\t\t\t\t\t\t\t<\/a>\n\t\t\t\t\n\t\t\t\t\t\t\t\t\t<a rel=\"noopener noreferrer nofollow\" href=\"https:\/\/twitter.com\/share?url=https:\/\/hiceb.fr\/le-cartable-un-produit-incontournable-de-la-rentree-scolaire\/\" target=\"_blank\" class=\" wd-social-icon social-twitter\" aria-label=\"Twitter social link\">\n\t\t\t\t\t\t<span class=\"wd-icon\"><\/span>\n\t\t\t\t\t\t\t\t\t\t\t<\/a>\n\t\t\t\t\n\t\t\t\t\n\t\t\t\t\n\t\t\t\t\n\t\t\t\t\t\t\t\t\t<a rel=\"noopener noreferrer nofollow\" href=\"https:\/\/pinterest.com\/pin\/create\/button\/?url=https:\/\/hiceb.fr\/le-cartable-un-produit-incontournable-de-la-rentree-scolaire\/&media=https:\/\/hiceb.fr\/wp-content\/uploads\/2023\/09\/cartable-780x400-1.png&description=Le+cartable+%3A+un+produit+incontournable+de+la+rentr%C3%A9e+scolaire\" target=\"_blank\" class=\" wd-social-icon social-pinterest\" aria-label=\"Pinterest social link\">\n\t\t\t\t\t\t<span class=\"wd-icon\"><\/span>\n\t\t\t\t\t\t\t\t\t\t\t<\/a>\n\t\t\t\t\n\t\t\t\t\n\t\t\t\t\t\t\t\t\t<a rel=\"noopener noreferrer nofollow\" href=\"https:\/\/www.linkedin.com\/shareArticle?mini=true&url=https:\/\/hiceb.fr\/le-cartable-un-produit-incontournable-de-la-rentree-scolaire\/\" target=\"_blank\" class=\" wd-social-icon social-linkedin\" aria-label=\"Linkedin social link\">\n\t\t\t\t\t\t<span class=\"wd-icon\"><\/span>\n\t\t\t\t\t\t\t\t\t\t\t<\/a>\n\t\t\t\t\n\t\t\t\t\n\t\t\t\t\n\t\t\t\t\n\t\t\t\t\n\t\t\t\t\n\t\t\t\t\n\t\t\t\t\n\t\t\t\t\n\t\t\t\t\n\t\t\t\t\t\t\t\t\n\t\t\t\t\t\t\t\t\n\t\t\t\t\n\t\t\t\t\n\t\t\t\t\t\t\t\t\t<a rel=\"noopener noreferrer nofollow\" href=\"https:\/\/telegram.me\/share\/url?url=https:\/\/hiceb.fr\/le-cartable-un-produit-incontournable-de-la-rentree-scolaire\/\" target=\"_blank\" class=\" wd-social-icon social-tg\" aria-label=\"Telegram social link\">\n\t\t\t\t\t\t<span class=\"wd-icon\"><\/span>\n\t\t\t\t\t\t\t\t\t\t\t<\/a>\n\t\t\t\t\t\t\t\t\n\t\t\t\t\n\t\t\t<\/div>\n\n\t\t\t\t\t\t\t\t\t<\/div>\n\t\t\t\t\t\t<\/div>\n\t\t\t\t\t\t\t\t\t\t\t\t\n\t\t\t\t\t\t\t\n\t\t\t\t                    <div class=\"entry-content wd-entry-content\">\n\t\t\t\t\t\t<p>Le cartable est un produit incontournable de la rentr\u00e9e scolaire, qui n\u00e9cessite une attention particuli\u00e8re. Il faut trouver le bon \u00e9quilibre entre le budget, le style et le confort. Il faut aussi penser \u00e0 l\u2019entretien du cartable, en le nettoyant r\u00e9guli\u00e8rement et en le r\u00e9parant si besoin. Un bon cartable peut durer plusieurs ann\u00e9es et accompagner l\u2019enfant dans sa scolarit\u00e9.<\/p>\n\n\t\t\t\t\t\t\t\t\t\t\t<\/div><!-- .entry-content -->\n\t\t\t\t\n\t\t\t\t\t\t\t\t\t\t\t\t\t\t<p class=\"read-more-section\">\n\t\t\t\t\t\t<a class=\"btn-read-more more-link\" href=\"https:\/\/hiceb.fr\/le-cartable-un-produit-incontournable-de-la-rentree-scolaire\/\">Continue reading<\/a>\t\t\t\t\t<\/p>\n\t\t\t\t\t\t\t\t\t\t\t\n\t\t\t\n\t\t\t\t\t<\/div>\n\t<\/div>\n<\/article><!-- #post -->\n\n\n\t\t\t\t\t\t\t\t\t\t\t\n<article id=\"post-20390\" class=\"blog-design-masonry blog-post-loop blog-style-bg wd-add-shadow  col-lg-4 col-md-4 col-sm-6 col-12 first  post-20390 post type-post status-publish format-standard has-post-thumbnail hentry category-inspiration category-tendances tag-cahier tag-enfant tag-groove tag-magicbook\">\n\t<div class=\"article-inner\">\n\t\t\t\t\t<header class=\"entry-header\">\n\t\t\t\t\t\t\t\t\t\n\t\t\t\t\t<figure id=\"carousel-867\" class=\"entry-thumbnail\" data-owl-carousel data-hide_pagination_control=\"yes\" data-desktop=\"1\" data-tablet=\"1\" data-tablet_landscape=\"1\" data-mobile=\"1\">\n\t\t\t\t\t\t\n\t\t\t\t\t\t\t<div class=\"post-img-wrapp\">\n\t\t\t\t\t\t\t\t<a href=\"https:\/\/hiceb.fr\/les-cahiers-magiques-pour-enfants-groove-calligraphy-quels-sont-leurs-avantages\/\">\n\t\t\t\t\t\t\t\t\t<img width=\"1300\" height=\"731\" src=\"https:\/\/hiceb.fr\/wp-content\/uploads\/2023\/09\/92f1e36a45fba122721444e97d08add8-1300x731.webp\" class=\"attachment-large size-large\" alt=\"\" decoding=\"async\" srcset=\"https:\/\/hiceb.fr\/wp-content\/uploads\/2023\/09\/92f1e36a45fba122721444e97d08add8-1300x731.webp 1300w, https:\/\/hiceb.fr\/wp-content\/uploads\/2023\/09\/92f1e36a45fba122721444e97d08add8-400x225.webp 400w, https:\/\/hiceb.fr\/wp-content\/uploads\/2023\/09\/92f1e36a45fba122721444e97d08add8-768x432.webp 768w, https:\/\/hiceb.fr\/wp-content\/uploads\/2023\/09\/92f1e36a45fba122721444e97d08add8-1536x864.webp 1536w, https:\/\/hiceb.fr\/wp-content\/uploads\/2023\/09\/92f1e36a45fba122721444e97d08add8-2048x1152.webp 2048w, https:\/\/hiceb.fr\/wp-content\/uploads\/2023\/09\/92f1e36a45fba122721444e97d08add8-860x484.webp 860w, https:\/\/hiceb.fr\/wp-content\/uploads\/2023\/09\/92f1e36a45fba122721444e97d08add8-1320x743.webp 1320w, https:\/\/hiceb.fr\/wp-content\/uploads\/2023\/09\/92f1e36a45fba122721444e97d08add8-430x242.webp 430w, https:\/\/hiceb.fr\/wp-content\/uploads\/2023\/09\/92f1e36a45fba122721444e97d08add8-700x394.webp 700w, https:\/\/hiceb.fr\/wp-content\/uploads\/2023\/09\/92f1e36a45fba122721444e97d08add8-150x84.webp 150w\" sizes=\"(max-width: 1300px) 100vw, 1300px\" \/>\t\t\t\t\t\t\t\t<\/a>\n\t\t\t\t\t\t\t<\/div>\n\t\t\t\t\t\t\t<div class=\"post-image-mask\">\n\t\t\t\t\t\t\t\t<span><\/span>\n\t\t\t\t\t\t\t<\/div>\n\n\t\t\t\t\t\t\n\t\t\t\t\t<\/figure>\n\t\t\t\t\n\t\t\t\t\t\t\t\t\t\t\t\t<div class=\"post-date wd-post-date wd-style-with-bg\" onclick=\"\">\n\t\t\t\t<span class=\"post-date-day\">\n\t\t\t\t\t18\t\t\t\t<\/span>\n\t\t\t\t<span class=\"post-date-month\">\n\t\t\t\t\tSep\t\t\t\t<\/span>\n\t\t\t<\/div>\n\t\t\t\t\t\t\n\t\t\t<\/header><!-- .entry-header -->\n\n\t\t<div class=\"article-body-container\">\n\t\t\t\n\t\t\t\t\t\t\t\t\t<div class=\"meta-categories-wrapp\"><div class=\"meta-post-categories wd-post-cat wd-style-with-bg\"><a href=\"https:\/\/hiceb.fr\/category\/inspiration\/\" rel=\"category tag\">Inspiration<\/a>, <a href=\"https:\/\/hiceb.fr\/category\/tendances\/\" rel=\"category tag\">Tendances<\/a><\/div><\/div>\n\t\t\t\t\n\t\t\t\t\t\t\t\t\t<h3 class=\"wd-entities-title title post-title\">\n\t\t\t\t\t\t<a href=\"https:\/\/hiceb.fr\/les-cahiers-magiques-pour-enfants-groove-calligraphy-quels-sont-leurs-avantages\/\" rel=\"bookmark\">Les cahiers magiques pour enfants Groove calligraphy : quels sont leurs avantages ?<\/a>\n\t\t\t\t\t<\/h3>\n\t\t\t\t\n\t\t\t\t\t\t\t\t\t<div class=\"entry-meta wd-entry-meta\">\n\t\t\t\t\t\t\t\t\t<ul class=\"entry-meta-list\">\n\t\t\t\t\t\t\t\t\t<li class=\"modified-date\">\n\t\t\t\t\t\t\t\t<time class=\"updated\" datetime=\"2023-09-18T09:59:46+00:00\">\n\t\t\tseptembre 18, 2023\t\t<\/time>\n\t\t\t\t\t\t\t<\/li>\n\n\t\t\t\t\t\n\t\t\t\t\t\t\t\t\t\t\t<li class=\"meta-author\">\n\t\t\t\t\t\t\t\t\t\t\t\t<span>By<\/span>\n\t\t\n\t\t\t\t\t<img alt='author-avatar' src='https:\/\/secure.gravatar.com\/avatar\/cfa8b93f172f6d21dde514819f9fccad9d721fcdaaac14dfbb2ac9aeb5c0e0df?s=32&#038;d=mm&#038;r=g' srcset='https:\/\/secure.gravatar.com\/avatar\/cfa8b93f172f6d21dde514819f9fccad9d721fcdaaac14dfbb2ac9aeb5c0e0df?s=64&#038;d=mm&#038;r=g 2x' class='avatar avatar-32 photo' height='32' width='32' decoding='async'\/>\t\t\n\t\t<a href=\"https:\/\/hiceb.fr\/author\/elina\/\" rel=\"author\">\n\t\t\t<span class=\"vcard author author_name\">\n\t\t\t\t<span class=\"fn\">Christian<\/span>\n\t\t\t<\/span>\n\t\t<\/a>\n\t\t\t\t\t\t\t\t<\/li>\n\t\t\t\t\t\n\t\t\t\t\t\n\t\t\t\t\t\t\t\t\t\t\t<li class=\"meta-reply\">\n\t\t\t\t\t\t\t<a href=\"https:\/\/hiceb.fr\/les-cahiers-magiques-pour-enfants-groove-calligraphy-quels-sont-leurs-avantages\/#respond\"><span class=\"replies-count\">0<\/span> <span class=\"replies-count-label\">comments<\/span><\/a>\t\t\t\t\t\t<\/li>\n\t\t\t\t\t\t\t\t\t\t\t\t<\/ul>\n\t\t\t\t\t\t\t<\/div><!-- .entry-meta -->\n\t\t\t\t\t\t\t\t\t\t\t<div class=\"hovered-social-icons wd-tltp wd-tltp-top\">\n\t\t\t\t\t\t\t<div class=\"wd-tooltip-label\">\n\t\t\t\t\t\t\t\t\n\t\t\t<div class=\" wd-social-icons icons-design-default icons-size-small color-scheme-light social-share social-form-circle text-center\">\n\n\t\t\t\t\n\t\t\t\t\t\t\t\t\t<a rel=\"noopener noreferrer nofollow\" href=\"https:\/\/www.facebook.com\/sharer\/sharer.php?u=https:\/\/hiceb.fr\/les-cahiers-magiques-pour-enfants-groove-calligraphy-quels-sont-leurs-avantages\/\" target=\"_blank\" class=\" wd-social-icon social-facebook\" aria-label=\"Facebook social link\">\n\t\t\t\t\t\t<span class=\"wd-icon\"><\/span>\n\t\t\t\t\t\t\t\t\t\t\t<\/a>\n\t\t\t\t\n\t\t\t\t\t\t\t\t\t<a rel=\"noopener noreferrer nofollow\" href=\"https:\/\/twitter.com\/share?url=https:\/\/hiceb.fr\/les-cahiers-magiques-pour-enfants-groove-calligraphy-quels-sont-leurs-avantages\/\" target=\"_blank\" class=\" wd-social-icon social-twitter\" aria-label=\"Twitter social link\">\n\t\t\t\t\t\t<span class=\"wd-icon\"><\/span>\n\t\t\t\t\t\t\t\t\t\t\t<\/a>\n\t\t\t\t\n\t\t\t\t\n\t\t\t\t\n\t\t\t\t\n\t\t\t\t\t\t\t\t\t<a rel=\"noopener noreferrer nofollow\" href=\"https:\/\/pinterest.com\/pin\/create\/button\/?url=https:\/\/hiceb.fr\/les-cahiers-magiques-pour-enfants-groove-calligraphy-quels-sont-leurs-avantages\/&media=https:\/\/hiceb.fr\/wp-content\/uploads\/2023\/09\/92f1e36a45fba122721444e97d08add8-scaled.webp&description=Les+cahiers+magiques+pour+enfants+Groove+calligraphy+%3A+quels+sont+leurs+avantages+%3F\" target=\"_blank\" class=\" wd-social-icon social-pinterest\" aria-label=\"Pinterest social link\">\n\t\t\t\t\t\t<span class=\"wd-icon\"><\/span>\n\t\t\t\t\t\t\t\t\t\t\t<\/a>\n\t\t\t\t\n\t\t\t\t\n\t\t\t\t\t\t\t\t\t<a rel=\"noopener noreferrer nofollow\" href=\"https:\/\/www.linkedin.com\/shareArticle?mini=true&url=https:\/\/hiceb.fr\/les-cahiers-magiques-pour-enfants-groove-calligraphy-quels-sont-leurs-avantages\/\" target=\"_blank\" class=\" wd-social-icon social-linkedin\" aria-label=\"Linkedin social link\">\n\t\t\t\t\t\t<span class=\"wd-icon\"><\/span>\n\t\t\t\t\t\t\t\t\t\t\t<\/a>\n\t\t\t\t\n\t\t\t\t\n\t\t\t\t\n\t\t\t\t\n\t\t\t\t\n\t\t\t\t\n\t\t\t\t\n\t\t\t\t\n\t\t\t\t\n\t\t\t\t\n\t\t\t\t\t\t\t\t\n\t\t\t\t\t\t\t\t\n\t\t\t\t\n\t\t\t\t\n\t\t\t\t\t\t\t\t\t<a rel=\"noopener noreferrer nofollow\" href=\"https:\/\/telegram.me\/share\/url?url=https:\/\/hiceb.fr\/les-cahiers-magiques-pour-enfants-groove-calligraphy-quels-sont-leurs-avantages\/\" target=\"_blank\" class=\" wd-social-icon social-tg\" aria-label=\"Telegram social link\">\n\t\t\t\t\t\t<span class=\"wd-icon\"><\/span>\n\t\t\t\t\t\t\t\t\t\t\t<\/a>\n\t\t\t\t\t\t\t\t\n\t\t\t\t\n\t\t\t<\/div>\n\n\t\t\t\t\t\t\t\t\t<\/div>\n\t\t\t\t\t\t<\/div>\n\t\t\t\t\t\t\t\t\t\t\t\t\n\t\t\t\t\t\t\t\n\t\t\t\t                    <div class=\"entry-content wd-entry-content\">\n\t\t\t\t\t\t<p>Les cahiers magiques pour enfants Groove calligraphy sont des cahiers r\u00e9utilisables qui offrent de nombreux avantages aux enfants qui veulent apprendre l\u2019\u00e9criture, la calligraphie, les chiffres et le dessin. Ils sont efficaces, \u00e9cologiques, ludiques et cr\u00e9atifs.\u00a0<\/p>\n\n\t\t\t\t\t\t\t\t\t\t\t<\/div><!-- .entry-content -->\n\t\t\t\t\n\t\t\t\t\t\t\t\t\t\t\t\t\t\t<p class=\"read-more-section\">\n\t\t\t\t\t\t<a class=\"btn-read-more more-link\" href=\"https:\/\/hiceb.fr\/les-cahiers-magiques-pour-enfants-groove-calligraphy-quels-sont-leurs-avantages\/\">Continue reading<\/a>\t\t\t\t\t<\/p>\n\t\t\t\t\t\t\t\t\t\t\t\n\t\t\t\n\t\t\t\t\t<\/div>\n\t<\/div>\n<\/article><!-- #post -->\n\n\n\t\t\t\t\t\t\t\t\t\t\t\n<article id=\"post-20385\" class=\"blog-design-masonry blog-post-loop blog-style-bg wd-add-shadow  col-lg-4 col-md-4 col-sm-6 col-12 post-20385 post type-post status-publish format-standard has-post-thumbnail hentry category-furniture tag-enseignants tag-rentree-2023 tag-rentree-scolaire tag-tendances-mode\">\n\t<div class=\"article-inner\">\n\t\t\t\t\t<header class=\"entry-header\">\n\t\t\t\t\t\t\t\t\t\n\t\t\t\t\t<figure id=\"carousel-156\" class=\"entry-thumbnail\" data-owl-carousel data-hide_pagination_control=\"yes\" data-desktop=\"1\" data-tablet=\"1\" data-tablet_landscape=\"1\" data-mobile=\"1\">\n\t\t\t\t\t\t\n\t\t\t\t\t\t\t<div class=\"post-img-wrapp\">\n\t\t\t\t\t\t\t\t<a href=\"https:\/\/hiceb.fr\/comment-choisir-ses-cahiers-pour-la-rentree-scolaire\/\">\n\t\t\t\t\t\t\t\t\t<img width=\"1000\" height=\"460\" src=\"https:\/\/hiceb.fr\/wp-content\/uploads\/2023\/09\/cahier-de-brouillon-17x22-96p-1-0-64maxh460maxw1000.webp\" class=\"attachment-large size-large\" alt=\"\" decoding=\"async\" srcset=\"https:\/\/hiceb.fr\/wp-content\/uploads\/2023\/09\/cahier-de-brouillon-17x22-96p-1-0-64maxh460maxw1000.webp 1000w, https:\/\/hiceb.fr\/wp-content\/uploads\/2023\/09\/cahier-de-brouillon-17x22-96p-1-0-64maxh460maxw1000-400x184.webp 400w, https:\/\/hiceb.fr\/wp-content\/uploads\/2023\/09\/cahier-de-brouillon-17x22-96p-1-0-64maxh460maxw1000-768x353.webp 768w, https:\/\/hiceb.fr\/wp-content\/uploads\/2023\/09\/cahier-de-brouillon-17x22-96p-1-0-64maxh460maxw1000-860x396.webp 860w, https:\/\/hiceb.fr\/wp-content\/uploads\/2023\/09\/cahier-de-brouillon-17x22-96p-1-0-64maxh460maxw1000-430x198.webp 430w, https:\/\/hiceb.fr\/wp-content\/uploads\/2023\/09\/cahier-de-brouillon-17x22-96p-1-0-64maxh460maxw1000-700x322.webp 700w, https:\/\/hiceb.fr\/wp-content\/uploads\/2023\/09\/cahier-de-brouillon-17x22-96p-1-0-64maxh460maxw1000-150x69.webp 150w\" sizes=\"(max-width: 1000px) 100vw, 1000px\" \/>\t\t\t\t\t\t\t\t<\/a>\n\t\t\t\t\t\t\t<\/div>\n\t\t\t\t\t\t\t<div class=\"post-image-mask\">\n\t\t\t\t\t\t\t\t<span><\/span>\n\t\t\t\t\t\t\t<\/div>\n\n\t\t\t\t\t\t\n\t\t\t\t\t<\/figure>\n\t\t\t\t\n\t\t\t\t\t\t\t\t\t\t\t\t<div class=\"post-date wd-post-date wd-style-with-bg\" onclick=\"\">\n\t\t\t\t<span class=\"post-date-day\">\n\t\t\t\t\t18\t\t\t\t<\/span>\n\t\t\t\t<span class=\"post-date-month\">\n\t\t\t\t\tSep\t\t\t\t<\/span>\n\t\t\t<\/div>\n\t\t\t\t\t\t\n\t\t\t<\/header><!-- .entry-header -->\n\n\t\t<div class=\"article-body-container\">\n\t\t\t\n\t\t\t\t\t\t\t\t\t<div class=\"meta-categories-wrapp\"><div class=\"meta-post-categories wd-post-cat wd-style-with-bg\"><a href=\"https:\/\/hiceb.fr\/category\/furniture\/\" rel=\"category tag\">Furniture<\/a><\/div><\/div>\n\t\t\t\t\n\t\t\t\t\t\t\t\t\t<h3 class=\"wd-entities-title title post-title\">\n\t\t\t\t\t\t<a href=\"https:\/\/hiceb.fr\/comment-choisir-ses-cahiers-pour-la-rentree-scolaire\/\" rel=\"bookmark\">Comment choisir ses cahiers pour la rentr\u00e9e scolaire<\/a>\n\t\t\t\t\t<\/h3>\n\t\t\t\t\n\t\t\t\t\t\t\t\t\t<div class=\"entry-meta wd-entry-meta\">\n\t\t\t\t\t\t\t\t\t<ul class=\"entry-meta-list\">\n\t\t\t\t\t\t\t\t\t<li class=\"modified-date\">\n\t\t\t\t\t\t\t\t<time class=\"updated\" datetime=\"2023-09-18T09:39:42+00:00\">\n\t\t\tseptembre 18, 2023\t\t<\/time>\n\t\t\t\t\t\t\t<\/li>\n\n\t\t\t\t\t\n\t\t\t\t\t\t\t\t\t\t\t<li class=\"meta-author\">\n\t\t\t\t\t\t\t\t\t\t\t\t<span>By<\/span>\n\t\t\n\t\t\t\t\t<img alt='author-avatar' src='https:\/\/secure.gravatar.com\/avatar\/cfa8b93f172f6d21dde514819f9fccad9d721fcdaaac14dfbb2ac9aeb5c0e0df?s=32&#038;d=mm&#038;r=g' srcset='https:\/\/secure.gravatar.com\/avatar\/cfa8b93f172f6d21dde514819f9fccad9d721fcdaaac14dfbb2ac9aeb5c0e0df?s=64&#038;d=mm&#038;r=g 2x' class='avatar avatar-32 photo' height='32' width='32' decoding='async'\/>\t\t\n\t\t<a href=\"https:\/\/hiceb.fr\/author\/elina\/\" rel=\"author\">\n\t\t\t<span class=\"vcard author author_name\">\n\t\t\t\t<span class=\"fn\">Christian<\/span>\n\t\t\t<\/span>\n\t\t<\/a>\n\t\t\t\t\t\t\t\t<\/li>\n\t\t\t\t\t\n\t\t\t\t\t\n\t\t\t\t\t\t\t\t\t\t\t<li class=\"meta-reply\">\n\t\t\t\t\t\t\t<a href=\"https:\/\/hiceb.fr\/comment-choisir-ses-cahiers-pour-la-rentree-scolaire\/#respond\"><span class=\"replies-count\">0<\/span> <span class=\"replies-count-label\">comments<\/span><\/a>\t\t\t\t\t\t<\/li>\n\t\t\t\t\t\t\t\t\t\t\t\t<\/ul>\n\t\t\t\t\t\t\t<\/div><!-- .entry-meta -->\n\t\t\t\t\t\t\t\t\t\t\t<div class=\"hovered-social-icons wd-tltp wd-tltp-top\">\n\t\t\t\t\t\t\t<div class=\"wd-tooltip-label\">\n\t\t\t\t\t\t\t\t\n\t\t\t<div class=\" wd-social-icons icons-design-default icons-size-small color-scheme-light social-share social-form-circle text-center\">\n\n\t\t\t\t\n\t\t\t\t\t\t\t\t\t<a rel=\"noopener noreferrer nofollow\" href=\"https:\/\/www.facebook.com\/sharer\/sharer.php?u=https:\/\/hiceb.fr\/comment-choisir-ses-cahiers-pour-la-rentree-scolaire\/\" target=\"_blank\" class=\" wd-social-icon social-facebook\" aria-label=\"Facebook social link\">\n\t\t\t\t\t\t<span class=\"wd-icon\"><\/span>\n\t\t\t\t\t\t\t\t\t\t\t<\/a>\n\t\t\t\t\n\t\t\t\t\t\t\t\t\t<a rel=\"noopener noreferrer nofollow\" href=\"https:\/\/twitter.com\/share?url=https:\/\/hiceb.fr\/comment-choisir-ses-cahiers-pour-la-rentree-scolaire\/\" target=\"_blank\" class=\" wd-social-icon social-twitter\" aria-label=\"Twitter social link\">\n\t\t\t\t\t\t<span class=\"wd-icon\"><\/span>\n\t\t\t\t\t\t\t\t\t\t\t<\/a>\n\t\t\t\t\n\t\t\t\t\n\t\t\t\t\n\t\t\t\t\n\t\t\t\t\t\t\t\t\t<a rel=\"noopener noreferrer nofollow\" href=\"https:\/\/pinterest.com\/pin\/create\/button\/?url=https:\/\/hiceb.fr\/comment-choisir-ses-cahiers-pour-la-rentree-scolaire\/&media=https:\/\/hiceb.fr\/wp-content\/uploads\/2023\/09\/cahier-de-brouillon-17x22-96p-1-0-64maxh460maxw1000.webp&description=Comment+choisir+ses+cahiers+pour+la+rentr%C3%A9e+scolaire\" target=\"_blank\" class=\" wd-social-icon social-pinterest\" aria-label=\"Pinterest social link\">\n\t\t\t\t\t\t<span class=\"wd-icon\"><\/span>\n\t\t\t\t\t\t\t\t\t\t\t<\/a>\n\t\t\t\t\n\t\t\t\t\n\t\t\t\t\t\t\t\t\t<a rel=\"noopener noreferrer nofollow\" href=\"https:\/\/www.linkedin.com\/shareArticle?mini=true&url=https:\/\/hiceb.fr\/comment-choisir-ses-cahiers-pour-la-rentree-scolaire\/\" target=\"_blank\" class=\" wd-social-icon social-linkedin\" aria-label=\"Linkedin social link\">\n\t\t\t\t\t\t<span class=\"wd-icon\"><\/span>\n\t\t\t\t\t\t\t\t\t\t\t<\/a>\n\t\t\t\t\n\t\t\t\t\n\t\t\t\t\n\t\t\t\t\n\t\t\t\t\n\t\t\t\t\n\t\t\t\t\n\t\t\t\t\n\t\t\t\t\n\t\t\t\t\n\t\t\t\t\t\t\t\t\n\t\t\t\t\t\t\t\t\n\t\t\t\t\n\t\t\t\t\n\t\t\t\t\t\t\t\t\t<a rel=\"noopener noreferrer nofollow\" href=\"https:\/\/telegram.me\/share\/url?url=https:\/\/hiceb.fr\/comment-choisir-ses-cahiers-pour-la-rentree-scolaire\/\" target=\"_blank\" class=\" wd-social-icon social-tg\" aria-label=\"Telegram social link\">\n\t\t\t\t\t\t<span class=\"wd-icon\"><\/span>\n\t\t\t\t\t\t\t\t\t\t\t<\/a>\n\t\t\t\t\t\t\t\t\n\t\t\t\t\n\t\t\t<\/div>\n\n\t\t\t\t\t\t\t\t\t<\/div>\n\t\t\t\t\t\t<\/div>\n\t\t\t\t\t\t\t\t\t\t\t\t\n\t\t\t\t\t\t\t\n\t\t\t\t                    <div class=\"entry-content wd-entry-content\">\n\t\t\t\t\t\t<p>Choisir ses cahiers pour la rentr\u00e9e scolaire n\u2019est pas une t\u00e2che facile. Il faut prendre en compte plusieurs crit\u00e8res, comme le format, le nombre de pages, la reliure, la couverture, le type de papier et le type de lignage.<\/p>\n\n\t\t\t\t\t\t\t\t\t\t\t<\/div><!-- .entry-content -->\n\t\t\t\t\n\t\t\t\t\t\t\t\t\t\t\t\t\t\t<p class=\"read-more-section\">\n\t\t\t\t\t\t<a class=\"btn-read-more more-link\" href=\"https:\/\/hiceb.fr\/comment-choisir-ses-cahiers-pour-la-rentree-scolaire\/\">Continue reading<\/a>\t\t\t\t\t<\/p>\n\t\t\t\t\t\t\t\t\t\t\t\n\t\t\t\n\t\t\t\t\t<\/div>\n\t<\/div>\n<\/article><!-- #post -->\n\n\n\t\t\t\t\t\t\t\t\t\t\t\n<article id=\"post-2541\" class=\"blog-design-masonry blog-post-loop blog-style-bg wd-add-shadow  col-lg-4 col-md-4 col-sm-6 col-12 last  post-2541 post type-post status-publish format-standard has-post-thumbnail hentry category-rentree-scolaire tag-comparaison tag-etats-unis tag-france tag-rentree-scolaire tag-systeme-educatif tag-tendances-seo\">\n\t<div class=\"article-inner\">\n\t\t\t\t\t<header class=\"entry-header\">\n\t\t\t\t\t\t\t\t\t\n\t\t\t\t\t<figure id=\"carousel-574\" class=\"entry-thumbnail\" data-owl-carousel data-hide_pagination_control=\"yes\" data-desktop=\"1\" data-tablet=\"1\" data-tablet_landscape=\"1\" data-mobile=\"1\">\n\t\t\t\t\t\t\n\t\t\t\t\t\t\t<div class=\"post-img-wrapp\">\n\t\t\t\t\t\t\t\t<a href=\"https:\/\/hiceb.fr\/la-rentree-scolaire-2023-aux-etats-unis-vs-france-comparaison-et-tendances\/\">\n\t\t\t\t\t\t\t\t\t<img width=\"1024\" height=\"576\" src=\"https:\/\/hiceb.fr\/wp-content\/uploads\/2023\/08\/maxresdefault-1024x576.jpg\" class=\"attachment-large size-large\" alt=\"\" decoding=\"async\" srcset=\"https:\/\/hiceb.fr\/wp-content\/uploads\/2023\/08\/maxresdefault-1024x576.jpg 1024w, https:\/\/hiceb.fr\/wp-content\/uploads\/2023\/08\/maxresdefault-430x242.jpg 430w, https:\/\/hiceb.fr\/wp-content\/uploads\/2023\/08\/maxresdefault-150x84.jpg 150w, https:\/\/hiceb.fr\/wp-content\/uploads\/2023\/08\/maxresdefault-700x394.jpg 700w, https:\/\/hiceb.fr\/wp-content\/uploads\/2023\/08\/maxresdefault-300x169.jpg 300w, https:\/\/hiceb.fr\/wp-content\/uploads\/2023\/08\/maxresdefault-768x432.jpg 768w, https:\/\/hiceb.fr\/wp-content\/uploads\/2023\/08\/maxresdefault.jpg 1280w\" sizes=\"(max-width: 1024px) 100vw, 1024px\" \/>\t\t\t\t\t\t\t\t<\/a>\n\t\t\t\t\t\t\t<\/div>\n\t\t\t\t\t\t\t<div class=\"post-image-mask\">\n\t\t\t\t\t\t\t\t<span><\/span>\n\t\t\t\t\t\t\t<\/div>\n\n\t\t\t\t\t\t\n\t\t\t\t\t<\/figure>\n\t\t\t\t\n\t\t\t\t\t\t\t\t\t\t\t\t<div class=\"post-date wd-post-date wd-style-with-bg\" onclick=\"\">\n\t\t\t\t<span class=\"post-date-day\">\n\t\t\t\t\t23\t\t\t\t<\/span>\n\t\t\t\t<span class=\"post-date-month\">\n\t\t\t\t\tAo\u00fbt\t\t\t\t<\/span>\n\t\t\t<\/div>\n\t\t\t\t\t\t\n\t\t\t<\/header><!-- .entry-header -->\n\n\t\t<div class=\"article-body-container\">\n\t\t\t\n\t\t\t\t\t\t\t\t\t<div class=\"meta-categories-wrapp\"><div class=\"meta-post-categories wd-post-cat wd-style-with-bg\"><a href=\"https:\/\/hiceb.fr\/category\/rentree-scolaire\/\" rel=\"category tag\">Rentr\u00e9e scolaire<\/a><\/div><\/div>\n\t\t\t\t\n\t\t\t\t\t\t\t\t\t<h3 class=\"wd-entities-title title post-title\">\n\t\t\t\t\t\t<a href=\"https:\/\/hiceb.fr\/la-rentree-scolaire-2023-aux-etats-unis-vs-france-comparaison-et-tendances\/\" rel=\"bookmark\">La Rentr\u00e9e Scolaire 2023 aux \u00c9tats-Unis vs. France : Comparaison et Tendances<\/a>\n\t\t\t\t\t<\/h3>\n\t\t\t\t\n\t\t\t\t\t\t\t\t\t<div class=\"entry-meta wd-entry-meta\">\n\t\t\t\t\t\t\t\t\t<ul class=\"entry-meta-list\">\n\t\t\t\t\t\t\t\t\t<li class=\"modified-date\">\n\t\t\t\t\t\t\t\t<time class=\"updated\" datetime=\"2023-08-23T20:50:54+00:00\">\n\t\t\tao\u00fbt 23, 2023\t\t<\/time>\n\t\t\t\t\t\t\t<\/li>\n\n\t\t\t\t\t\n\t\t\t\t\t\t\t\t\t\t\t<li class=\"meta-author\">\n\t\t\t\t\t\t\t\t\t\t\t\t<span>By<\/span>\n\t\t\n\t\t\t\t\t<img alt='author-avatar' src='https:\/\/secure.gravatar.com\/avatar\/cfa8b93f172f6d21dde514819f9fccad9d721fcdaaac14dfbb2ac9aeb5c0e0df?s=32&#038;d=mm&#038;r=g' srcset='https:\/\/secure.gravatar.com\/avatar\/cfa8b93f172f6d21dde514819f9fccad9d721fcdaaac14dfbb2ac9aeb5c0e0df?s=64&#038;d=mm&#038;r=g 2x' class='avatar avatar-32 photo' height='32' width='32' decoding='async'\/>\t\t\n\t\t<a href=\"https:\/\/hiceb.fr\/author\/elina\/\" rel=\"author\">\n\t\t\t<span class=\"vcard author author_name\">\n\t\t\t\t<span class=\"fn\">Christian<\/span>\n\t\t\t<\/span>\n\t\t<\/a>\n\t\t\t\t\t\t\t\t<\/li>\n\t\t\t\t\t\n\t\t\t\t\t\n\t\t\t\t\t\t\t\t\t\t\t<li class=\"meta-reply\">\n\t\t\t\t\t\t\t<a href=\"https:\/\/hiceb.fr\/la-rentree-scolaire-2023-aux-etats-unis-vs-france-comparaison-et-tendances\/#respond\"><span class=\"replies-count\">0<\/span> <span class=\"replies-count-label\">comments<\/span><\/a>\t\t\t\t\t\t<\/li>\n\t\t\t\t\t\t\t\t\t\t\t\t<\/ul>\n\t\t\t\t\t\t\t<\/div><!-- .entry-meta -->\n\t\t\t\t\t\t\t\t\t\t\t<div class=\"hovered-social-icons wd-tltp wd-tltp-top\">\n\t\t\t\t\t\t\t<div class=\"wd-tooltip-label\">\n\t\t\t\t\t\t\t\t\n\t\t\t<div class=\" wd-social-icons icons-design-default icons-size-small color-scheme-light social-share social-form-circle text-center\">\n\n\t\t\t\t\n\t\t\t\t\t\t\t\t\t<a rel=\"noopener noreferrer nofollow\" href=\"https:\/\/www.facebook.com\/sharer\/sharer.php?u=https:\/\/hiceb.fr\/la-rentree-scolaire-2023-aux-etats-unis-vs-france-comparaison-et-tendances\/\" target=\"_blank\" class=\" wd-social-icon social-facebook\" aria-label=\"Facebook social link\">\n\t\t\t\t\t\t<span class=\"wd-icon\"><\/span>\n\t\t\t\t\t\t\t\t\t\t\t<\/a>\n\t\t\t\t\n\t\t\t\t\t\t\t\t\t<a rel=\"noopener noreferrer nofollow\" href=\"https:\/\/twitter.com\/share?url=https:\/\/hiceb.fr\/la-rentree-scolaire-2023-aux-etats-unis-vs-france-comparaison-et-tendances\/\" target=\"_blank\" class=\" wd-social-icon social-twitter\" aria-label=\"Twitter social link\">\n\t\t\t\t\t\t<span class=\"wd-icon\"><\/span>\n\t\t\t\t\t\t\t\t\t\t\t<\/a>\n\t\t\t\t\n\t\t\t\t\n\t\t\t\t\n\t\t\t\t\n\t\t\t\t\t\t\t\t\t<a rel=\"noopener noreferrer nofollow\" href=\"https:\/\/pinterest.com\/pin\/create\/button\/?url=https:\/\/hiceb.fr\/la-rentree-scolaire-2023-aux-etats-unis-vs-france-comparaison-et-tendances\/&media=https:\/\/hiceb.fr\/wp-content\/uploads\/2023\/08\/maxresdefault.jpg&description=La+Rentr%C3%A9e+Scolaire+2023+aux+%C3%89tats-Unis+vs.+France+%3A+Comparaison+et+Tendances\" target=\"_blank\" class=\" wd-social-icon social-pinterest\" aria-label=\"Pinterest social link\">\n\t\t\t\t\t\t<span class=\"wd-icon\"><\/span>\n\t\t\t\t\t\t\t\t\t\t\t<\/a>\n\t\t\t\t\n\t\t\t\t\n\t\t\t\t\t\t\t\t\t<a rel=\"noopener noreferrer nofollow\" href=\"https:\/\/www.linkedin.com\/shareArticle?mini=true&url=https:\/\/hiceb.fr\/la-rentree-scolaire-2023-aux-etats-unis-vs-france-comparaison-et-tendances\/\" target=\"_blank\" class=\" wd-social-icon social-linkedin\" aria-label=\"Linkedin social link\">\n\t\t\t\t\t\t<span class=\"wd-icon\"><\/span>\n\t\t\t\t\t\t\t\t\t\t\t<\/a>\n\t\t\t\t\n\t\t\t\t\n\t\t\t\t\n\t\t\t\t\n\t\t\t\t\n\t\t\t\t\n\t\t\t\t\n\t\t\t\t\n\t\t\t\t\n\t\t\t\t\n\t\t\t\t\t\t\t\t\n\t\t\t\t\t\t\t\t\n\t\t\t\t\n\t\t\t\t\n\t\t\t\t\t\t\t\t\t<a rel=\"noopener noreferrer nofollow\" href=\"https:\/\/telegram.me\/share\/url?url=https:\/\/hiceb.fr\/la-rentree-scolaire-2023-aux-etats-unis-vs-france-comparaison-et-tendances\/\" target=\"_blank\" class=\" wd-social-icon social-tg\" aria-label=\"Telegram social link\">\n\t\t\t\t\t\t<span class=\"wd-icon\"><\/span>\n\t\t\t\t\t\t\t\t\t\t\t<\/a>\n\t\t\t\t\t\t\t\t\n\t\t\t\t\n\t\t\t<\/div>\n\n\t\t\t\t\t\t\t\t\t<\/div>\n\t\t\t\t\t\t<\/div>\n\t\t\t\t\t\t\t\t\t\t\t\t\n\t\t\t\t\t\t\t\n\t\t\t\t                    <div class=\"entry-content wd-entry-content\">\n\t\t\t\t\t\t<p>La rentr\u00e9e scolaire 2023 aux \u00c9tats-Unis s&rsquo;annonce avec des particularit\u00e9s notables, d\u00e9butant d\u00e8s mi-ao\u00fbt, tandis que la France pr\u00e9voit une rentr\u00e9e d\u00e9but septembre. Les \u00e9coles am\u00e9ricaines ont environ 180 jours de classe, tandis que les \u00e9coles priv\u00e9es peuvent en avoir 170. En France, la nouvelle strat\u00e9gie \u00e9ducative pour 2023\/24 met l&rsquo;accent sur l&rsquo;excellence, int\u00e9grant les math\u00e9matiques et promouvant la parit\u00e9 entre les genres. L&rsquo;article explore les diff\u00e9rences et similitudes entre les syst\u00e8mes \u00e9ducatifs des deux pays pour cette ann\u00e9e, tout en soulignant les tendances SEO pour 2023.<\/p>\n\n\t\t\t\t\t\t\t\t\t\t\t<\/div><!-- .entry-content -->\n\t\t\t\t\n\t\t\t\t\t\t\t\t\t\t\t\t\t\t<p class=\"read-more-section\">\n\t\t\t\t\t\t<a class=\"btn-read-more more-link\" href=\"https:\/\/hiceb.fr\/la-rentree-scolaire-2023-aux-etats-unis-vs-france-comparaison-et-tendances\/\">Continue reading<\/a>\t\t\t\t\t<\/p>\n\t\t\t\t\t\t\t\t\t\t\t\n\t\t\t\n\t\t\t\t\t<\/div>\n\t<\/div>\n<\/article><!-- #post -->\n\n\n\t\t\t\t\t\t\t\t\t\t\t\n<article id=\"post-2536\" class=\"blog-design-masonry blog-post-loop blog-style-bg wd-add-shadow  col-lg-4 col-md-4 col-sm-6 col-12 first  post-2536 post type-post status-publish format-standard has-post-thumbnail hentry category-rentree-scolaire tag-allocation-de-rentree-scolaire tag-hiceb tag-rentree-2023 tag-rentree-scolaire\">\n\t<div class=\"article-inner\">\n\t\t\t\t\t<header class=\"entry-header\">\n\t\t\t\t\t\t\t\t\t\n\t\t\t\t\t<figure id=\"carousel-324\" class=\"entry-thumbnail\" data-owl-carousel data-hide_pagination_control=\"yes\" data-desktop=\"1\" data-tablet=\"1\" data-tablet_landscape=\"1\" data-mobile=\"1\">\n\t\t\t\t\t\t\n\t\t\t\t\t\t\t<div class=\"post-img-wrapp\">\n\t\t\t\t\t\t\t\t<a href=\"https:\/\/hiceb.fr\/rentree-scolaire-en-france-2023-dates-mesures-et-conseils-pour-une-rentree-reussie\/\">\n\t\t\t\t\t\t\t\t\t<img width=\"370\" height=\"200\" src=\"https:\/\/hiceb.fr\/wp-content\/uploads\/2023\/08\/INSCRIPTIONS-SCOLAIRES-2023-2024-vignette.jpg\" class=\"attachment-large size-large\" alt=\"\" decoding=\"async\" srcset=\"https:\/\/hiceb.fr\/wp-content\/uploads\/2023\/08\/INSCRIPTIONS-SCOLAIRES-2023-2024-vignette.jpg 370w, https:\/\/hiceb.fr\/wp-content\/uploads\/2023\/08\/INSCRIPTIONS-SCOLAIRES-2023-2024-vignette-150x81.jpg 150w, https:\/\/hiceb.fr\/wp-content\/uploads\/2023\/08\/INSCRIPTIONS-SCOLAIRES-2023-2024-vignette-300x162.jpg 300w\" sizes=\"(max-width: 370px) 100vw, 370px\" \/>\t\t\t\t\t\t\t\t<\/a>\n\t\t\t\t\t\t\t<\/div>\n\t\t\t\t\t\t\t<div class=\"post-image-mask\">\n\t\t\t\t\t\t\t\t<span><\/span>\n\t\t\t\t\t\t\t<\/div>\n\n\t\t\t\t\t\t\n\t\t\t\t\t<\/figure>\n\t\t\t\t\n\t\t\t\t\t\t\t\t\t\t\t\t<div class=\"post-date wd-post-date wd-style-with-bg\" onclick=\"\">\n\t\t\t\t<span class=\"post-date-day\">\n\t\t\t\t\t23\t\t\t\t<\/span>\n\t\t\t\t<span class=\"post-date-month\">\n\t\t\t\t\tAo\u00fbt\t\t\t\t<\/span>\n\t\t\t<\/div>\n\t\t\t\t\t\t\n\t\t\t<\/header><!-- .entry-header -->\n\n\t\t<div class=\"article-body-container\">\n\t\t\t\n\t\t\t\t\t\t\t\t\t<div class=\"meta-categories-wrapp\"><div class=\"meta-post-categories wd-post-cat wd-style-with-bg\"><a href=\"https:\/\/hiceb.fr\/category\/rentree-scolaire\/\" rel=\"category tag\">Rentr\u00e9e scolaire<\/a><\/div><\/div>\n\t\t\t\t\n\t\t\t\t\t\t\t\t\t<h3 class=\"wd-entities-title title post-title\">\n\t\t\t\t\t\t<a href=\"https:\/\/hiceb.fr\/rentree-scolaire-en-france-2023-dates-mesures-et-conseils-pour-une-rentree-reussie\/\" rel=\"bookmark\">Rentr\u00e9e Scolaire en France 2023 : Dates, Mesures et Conseils pour une Rentr\u00e9e R\u00e9ussie<\/a>\n\t\t\t\t\t<\/h3>\n\t\t\t\t\n\t\t\t\t\t\t\t\t\t<div class=\"entry-meta wd-entry-meta\">\n\t\t\t\t\t\t\t\t\t<ul class=\"entry-meta-list\">\n\t\t\t\t\t\t\t\t\t<li class=\"modified-date\">\n\t\t\t\t\t\t\t\t<time class=\"updated\" datetime=\"2023-08-23T20:38:14+00:00\">\n\t\t\tao\u00fbt 23, 2023\t\t<\/time>\n\t\t\t\t\t\t\t<\/li>\n\n\t\t\t\t\t\n\t\t\t\t\t\t\t\t\t\t\t<li class=\"meta-author\">\n\t\t\t\t\t\t\t\t\t\t\t\t<span>By<\/span>\n\t\t\n\t\t\t\t\t<img alt='author-avatar' src='https:\/\/secure.gravatar.com\/avatar\/cfa8b93f172f6d21dde514819f9fccad9d721fcdaaac14dfbb2ac9aeb5c0e0df?s=32&#038;d=mm&#038;r=g' srcset='https:\/\/secure.gravatar.com\/avatar\/cfa8b93f172f6d21dde514819f9fccad9d721fcdaaac14dfbb2ac9aeb5c0e0df?s=64&#038;d=mm&#038;r=g 2x' class='avatar avatar-32 photo' height='32' width='32' decoding='async'\/>\t\t\n\t\t<a href=\"https:\/\/hiceb.fr\/author\/elina\/\" rel=\"author\">\n\t\t\t<span class=\"vcard author author_name\">\n\t\t\t\t<span class=\"fn\">Christian<\/span>\n\t\t\t<\/span>\n\t\t<\/a>\n\t\t\t\t\t\t\t\t<\/li>\n\t\t\t\t\t\n\t\t\t\t\t\n\t\t\t\t\t\t\t\t\t\t\t<li class=\"meta-reply\">\n\t\t\t\t\t\t\t<a href=\"https:\/\/hiceb.fr\/rentree-scolaire-en-france-2023-dates-mesures-et-conseils-pour-une-rentree-reussie\/#respond\"><span class=\"replies-count\">0<\/span> <span class=\"replies-count-label\">comments<\/span><\/a>\t\t\t\t\t\t<\/li>\n\t\t\t\t\t\t\t\t\t\t\t\t<\/ul>\n\t\t\t\t\t\t\t<\/div><!-- .entry-meta -->\n\t\t\t\t\t\t\t\t\t\t\t<div class=\"hovered-social-icons wd-tltp wd-tltp-top\">\n\t\t\t\t\t\t\t<div class=\"wd-tooltip-label\">\n\t\t\t\t\t\t\t\t\n\t\t\t<div class=\" wd-social-icons icons-design-default icons-size-small color-scheme-light social-share social-form-circle text-center\">\n\n\t\t\t\t\n\t\t\t\t\t\t\t\t\t<a rel=\"noopener noreferrer nofollow\" href=\"https:\/\/www.facebook.com\/sharer\/sharer.php?u=https:\/\/hiceb.fr\/rentree-scolaire-en-france-2023-dates-mesures-et-conseils-pour-une-rentree-reussie\/\" target=\"_blank\" class=\" wd-social-icon social-facebook\" aria-label=\"Facebook social link\">\n\t\t\t\t\t\t<span class=\"wd-icon\"><\/span>\n\t\t\t\t\t\t\t\t\t\t\t<\/a>\n\t\t\t\t\n\t\t\t\t\t\t\t\t\t<a rel=\"noopener noreferrer nofollow\" href=\"https:\/\/twitter.com\/share?url=https:\/\/hiceb.fr\/rentree-scolaire-en-france-2023-dates-mesures-et-conseils-pour-une-rentree-reussie\/\" target=\"_blank\" class=\" wd-social-icon social-twitter\" aria-label=\"Twitter social link\">\n\t\t\t\t\t\t<span class=\"wd-icon\"><\/span>\n\t\t\t\t\t\t\t\t\t\t\t<\/a>\n\t\t\t\t\n\t\t\t\t\n\t\t\t\t\n\t\t\t\t\n\t\t\t\t\t\t\t\t\t<a rel=\"noopener noreferrer nofollow\" href=\"https:\/\/pinterest.com\/pin\/create\/button\/?url=https:\/\/hiceb.fr\/rentree-scolaire-en-france-2023-dates-mesures-et-conseils-pour-une-rentree-reussie\/&media=https:\/\/hiceb.fr\/wp-content\/uploads\/2023\/08\/INSCRIPTIONS-SCOLAIRES-2023-2024-vignette.jpg&description=Rentr%C3%A9e+Scolaire+en+France+2023+%3A+Dates%2C+Mesures+et+Conseils+pour+une+Rentr%C3%A9e+R%C3%A9ussie\" target=\"_blank\" class=\" wd-social-icon social-pinterest\" aria-label=\"Pinterest social link\">\n\t\t\t\t\t\t<span class=\"wd-icon\"><\/span>\n\t\t\t\t\t\t\t\t\t\t\t<\/a>\n\t\t\t\t\n\t\t\t\t\n\t\t\t\t\t\t\t\t\t<a rel=\"noopener noreferrer nofollow\" href=\"https:\/\/www.linkedin.com\/shareArticle?mini=true&url=https:\/\/hiceb.fr\/rentree-scolaire-en-france-2023-dates-mesures-et-conseils-pour-une-rentree-reussie\/\" target=\"_blank\" class=\" wd-social-icon social-linkedin\" aria-label=\"Linkedin social link\">\n\t\t\t\t\t\t<span class=\"wd-icon\"><\/span>\n\t\t\t\t\t\t\t\t\t\t\t<\/a>\n\t\t\t\t\n\t\t\t\t\n\t\t\t\t\n\t\t\t\t\n\t\t\t\t\n\t\t\t\t\n\t\t\t\t\n\t\t\t\t\n\t\t\t\t\n\t\t\t\t\n\t\t\t\t\t\t\t\t\n\t\t\t\t\t\t\t\t\n\t\t\t\t\n\t\t\t\t\n\t\t\t\t\t\t\t\t\t<a rel=\"noopener noreferrer nofollow\" href=\"https:\/\/telegram.me\/share\/url?url=https:\/\/hiceb.fr\/rentree-scolaire-en-france-2023-dates-mesures-et-conseils-pour-une-rentree-reussie\/\" target=\"_blank\" class=\" wd-social-icon social-tg\" aria-label=\"Telegram social link\">\n\t\t\t\t\t\t<span class=\"wd-icon\"><\/span>\n\t\t\t\t\t\t\t\t\t\t\t<\/a>\n\t\t\t\t\t\t\t\t\n\t\t\t\t\n\t\t\t<\/div>\n\n\t\t\t\t\t\t\t\t\t<\/div>\n\t\t\t\t\t\t<\/div>\n\t\t\t\t\t\t\t\t\t\t\t\t\n\t\t\t\t\t\t\t\n\t\t\t\t                    <div class=\"entry-content wd-entry-content\">\n\t\t\t\t\t\t<p>La rentr\u00e9e scolaire en France 2023 approche \u00e0 grands pas, et avec elle, son lot d&rsquo;excitation et de pr\u00e9paratifs. Que vous soyez parent, enseignant ou \u00e9tudiant, il est essentiel de bien se pr\u00e9parer pour une rentr\u00e9e r\u00e9ussie. Dans cet article, nous vous fournissons toutes les informations essentielles pour aborder cette rentr\u00e9e en toute s\u00e9r\u00e9nit\u00e9.<\/p>\n\n\t\t\t\t\t\t\t\t\t\t\t<\/div><!-- .entry-content -->\n\t\t\t\t\n\t\t\t\t\t\t\t\t\t\t\t\t\t\t<p class=\"read-more-section\">\n\t\t\t\t\t\t<a class=\"btn-read-more more-link\" href=\"https:\/\/hiceb.fr\/rentree-scolaire-en-france-2023-dates-mesures-et-conseils-pour-une-rentree-reussie\/\">Continue reading<\/a>\t\t\t\t\t<\/p>\n\t\t\t\t\t\t\t\t\t\t\t\n\t\t\t\n\t\t\t\t\t<\/div>\n\t<\/div>\n<\/article><!-- #post -->\n\n\n\t\t\t\t\t\t\t\t\t\t\t\n<article id=\"post-2294\" class=\"blog-design-masonry blog-post-loop blog-style-bg wd-add-shadow  col-lg-4 col-md-4 col-sm-6 col-12 post-2294 post type-post status-publish format-standard has-post-thumbnail hentry category-rentree-scolaire category-vetements tag-allocation tag-allocation-de-rentree-scolaire tag-augmentation tag-conditions-de-ressources tag-montants tag-rentree-2023\">\n\t<div class=\"article-inner\">\n\t\t\t\t\t<header class=\"entry-header\">\n\t\t\t\t\t\t\t\t\t\n\t\t\t\t\t<figure id=\"carousel-144\" class=\"entry-thumbnail\" data-owl-carousel data-hide_pagination_control=\"yes\" data-desktop=\"1\" data-tablet=\"1\" data-tablet_landscape=\"1\" data-mobile=\"1\">\n\t\t\t\t\t\t\n\t\t\t\t\t\t\t<div class=\"post-img-wrapp\">\n\t\t\t\t\t\t\t\t<a href=\"https:\/\/hiceb.fr\/lallocation-de-rentree-scolaire-ars-augmente-pour-la-rentree-2023-un-soutien-financier-pour-les-familles\/\">\n\t\t\t\t\t\t\t\t\t<img width=\"704\" height=\"396\" src=\"https:\/\/hiceb.fr\/wp-content\/uploads\/2023\/08\/3571509f9783cf90de9594b57c5c89be5551c111043d4a70fd6f9fc9c53711cf.webp\" class=\"attachment-large size-large\" alt=\"\" decoding=\"async\" srcset=\"https:\/\/hiceb.fr\/wp-content\/uploads\/2023\/08\/3571509f9783cf90de9594b57c5c89be5551c111043d4a70fd6f9fc9c53711cf.webp 704w, https:\/\/hiceb.fr\/wp-content\/uploads\/2023\/08\/3571509f9783cf90de9594b57c5c89be5551c111043d4a70fd6f9fc9c53711cf-430x242.webp 430w, https:\/\/hiceb.fr\/wp-content\/uploads\/2023\/08\/3571509f9783cf90de9594b57c5c89be5551c111043d4a70fd6f9fc9c53711cf-150x84.webp 150w, https:\/\/hiceb.fr\/wp-content\/uploads\/2023\/08\/3571509f9783cf90de9594b57c5c89be5551c111043d4a70fd6f9fc9c53711cf-700x394.webp 700w, https:\/\/hiceb.fr\/wp-content\/uploads\/2023\/08\/3571509f9783cf90de9594b57c5c89be5551c111043d4a70fd6f9fc9c53711cf-300x169.webp 300w\" sizes=\"(max-width: 704px) 100vw, 704px\" \/>\t\t\t\t\t\t\t\t<\/a>\n\t\t\t\t\t\t\t<\/div>\n\t\t\t\t\t\t\t<div class=\"post-image-mask\">\n\t\t\t\t\t\t\t\t<span><\/span>\n\t\t\t\t\t\t\t<\/div>\n\n\t\t\t\t\t\t\n\t\t\t\t\t<\/figure>\n\t\t\t\t\n\t\t\t\t\t\t\t\t\t\t\t\t<div class=\"post-date wd-post-date wd-style-with-bg\" onclick=\"\">\n\t\t\t\t<span class=\"post-date-day\">\n\t\t\t\t\t21\t\t\t\t<\/span>\n\t\t\t\t<span class=\"post-date-month\">\n\t\t\t\t\tAo\u00fbt\t\t\t\t<\/span>\n\t\t\t<\/div>\n\t\t\t\t\t\t\n\t\t\t<\/header><!-- .entry-header -->\n\n\t\t<div class=\"article-body-container\">\n\t\t\t\n\t\t\t\t\t\t\t\t\t<div class=\"meta-categories-wrapp\"><div class=\"meta-post-categories wd-post-cat wd-style-with-bg\"><a href=\"https:\/\/hiceb.fr\/category\/rentree-scolaire\/\" rel=\"category tag\">Rentr\u00e9e scolaire<\/a>, <a href=\"https:\/\/hiceb.fr\/category\/vetements\/\" rel=\"category tag\">V\u00eatements<\/a><\/div><\/div>\n\t\t\t\t\n\t\t\t\t\t\t\t\t\t<h3 class=\"wd-entities-title title post-title\">\n\t\t\t\t\t\t<a href=\"https:\/\/hiceb.fr\/lallocation-de-rentree-scolaire-ars-augmente-pour-la-rentree-2023-un-soutien-financier-pour-les-familles\/\" rel=\"bookmark\">L&rsquo;Allocation de Rentr\u00e9e Scolaire (ARS) augmente pour la Rentr\u00e9e 2023 : Un soutien financier pour les familles<\/a>\n\t\t\t\t\t<\/h3>\n\t\t\t\t\n\t\t\t\t\t\t\t\t\t<div class=\"entry-meta wd-entry-meta\">\n\t\t\t\t\t\t\t\t\t<ul class=\"entry-meta-list\">\n\t\t\t\t\t\t\t\t\t<li class=\"modified-date\">\n\t\t\t\t\t\t\t\t<time class=\"updated\" datetime=\"2023-08-21T20:54:56+00:00\">\n\t\t\tao\u00fbt 21, 2023\t\t<\/time>\n\t\t\t\t\t\t\t<\/li>\n\n\t\t\t\t\t\n\t\t\t\t\t\t\t\t\t\t\t<li class=\"meta-author\">\n\t\t\t\t\t\t\t\t\t\t\t\t<span>By<\/span>\n\t\t\n\t\t\t\t\t<img alt='author-avatar' src='https:\/\/secure.gravatar.com\/avatar\/cfa8b93f172f6d21dde514819f9fccad9d721fcdaaac14dfbb2ac9aeb5c0e0df?s=32&#038;d=mm&#038;r=g' srcset='https:\/\/secure.gravatar.com\/avatar\/cfa8b93f172f6d21dde514819f9fccad9d721fcdaaac14dfbb2ac9aeb5c0e0df?s=64&#038;d=mm&#038;r=g 2x' class='avatar avatar-32 photo' height='32' width='32' decoding='async'\/>\t\t\n\t\t<a href=\"https:\/\/hiceb.fr\/author\/elina\/\" rel=\"author\">\n\t\t\t<span class=\"vcard author author_name\">\n\t\t\t\t<span class=\"fn\">Christian<\/span>\n\t\t\t<\/span>\n\t\t<\/a>\n\t\t\t\t\t\t\t\t<\/li>\n\t\t\t\t\t\n\t\t\t\t\t\n\t\t\t\t\t\t\t\t\t\t\t<li class=\"meta-reply\">\n\t\t\t\t\t\t\t<a href=\"https:\/\/hiceb.fr\/lallocation-de-rentree-scolaire-ars-augmente-pour-la-rentree-2023-un-soutien-financier-pour-les-familles\/#respond\"><span class=\"replies-count\">0<\/span> <span class=\"replies-count-label\">comments<\/span><\/a>\t\t\t\t\t\t<\/li>\n\t\t\t\t\t\t\t\t\t\t\t\t<\/ul>\n\t\t\t\t\t\t\t<\/div><!-- .entry-meta -->\n\t\t\t\t\t\t\t\t\t\t\t<div class=\"hovered-social-icons wd-tltp wd-tltp-top\">\n\t\t\t\t\t\t\t<div class=\"wd-tooltip-label\">\n\t\t\t\t\t\t\t\t\n\t\t\t<div class=\" wd-social-icons icons-design-default icons-size-small color-scheme-light social-share social-form-circle text-center\">\n\n\t\t\t\t\n\t\t\t\t\t\t\t\t\t<a rel=\"noopener noreferrer nofollow\" href=\"https:\/\/www.facebook.com\/sharer\/sharer.php?u=https:\/\/hiceb.fr\/lallocation-de-rentree-scolaire-ars-augmente-pour-la-rentree-2023-un-soutien-financier-pour-les-familles\/\" target=\"_blank\" class=\" wd-social-icon social-facebook\" aria-label=\"Facebook social link\">\n\t\t\t\t\t\t<span class=\"wd-icon\"><\/span>\n\t\t\t\t\t\t\t\t\t\t\t<\/a>\n\t\t\t\t\n\t\t\t\t\t\t\t\t\t<a rel=\"noopener noreferrer nofollow\" href=\"https:\/\/twitter.com\/share?url=https:\/\/hiceb.fr\/lallocation-de-rentree-scolaire-ars-augmente-pour-la-rentree-2023-un-soutien-financier-pour-les-familles\/\" target=\"_blank\" class=\" wd-social-icon social-twitter\" aria-label=\"Twitter social link\">\n\t\t\t\t\t\t<span class=\"wd-icon\"><\/span>\n\t\t\t\t\t\t\t\t\t\t\t<\/a>\n\t\t\t\t\n\t\t\t\t\n\t\t\t\t\n\t\t\t\t\n\t\t\t\t\t\t\t\t\t<a rel=\"noopener noreferrer nofollow\" href=\"https:\/\/pinterest.com\/pin\/create\/button\/?url=https:\/\/hiceb.fr\/lallocation-de-rentree-scolaire-ars-augmente-pour-la-rentree-2023-un-soutien-financier-pour-les-familles\/&media=https:\/\/hiceb.fr\/wp-content\/uploads\/2023\/08\/3571509f9783cf90de9594b57c5c89be5551c111043d4a70fd6f9fc9c53711cf.webp&description=L%26rsquo%3BAllocation+de+Rentr%C3%A9e+Scolaire+%28ARS%29+augmente+pour+la+Rentr%C3%A9e+2023+%3A+Un+soutien+financier+pour+les+familles\" target=\"_blank\" class=\" wd-social-icon social-pinterest\" aria-label=\"Pinterest social link\">\n\t\t\t\t\t\t<span class=\"wd-icon\"><\/span>\n\t\t\t\t\t\t\t\t\t\t\t<\/a>\n\t\t\t\t\n\t\t\t\t\n\t\t\t\t\t\t\t\t\t<a rel=\"noopener noreferrer nofollow\" href=\"https:\/\/www.linkedin.com\/shareArticle?mini=true&url=https:\/\/hiceb.fr\/lallocation-de-rentree-scolaire-ars-augmente-pour-la-rentree-2023-un-soutien-financier-pour-les-familles\/\" target=\"_blank\" class=\" wd-social-icon social-linkedin\" aria-label=\"Linkedin social link\">\n\t\t\t\t\t\t<span class=\"wd-icon\"><\/span>\n\t\t\t\t\t\t\t\t\t\t\t<\/a>\n\t\t\t\t\n\t\t\t\t\n\t\t\t\t\n\t\t\t\t\n\t\t\t\t\n\t\t\t\t\n\t\t\t\t\n\t\t\t\t\n\t\t\t\t\n\t\t\t\t\n\t\t\t\t\t\t\t\t\n\t\t\t\t\t\t\t\t\n\t\t\t\t\n\t\t\t\t\n\t\t\t\t\t\t\t\t\t<a rel=\"noopener noreferrer nofollow\" href=\"https:\/\/telegram.me\/share\/url?url=https:\/\/hiceb.fr\/lallocation-de-rentree-scolaire-ars-augmente-pour-la-rentree-2023-un-soutien-financier-pour-les-familles\/\" target=\"_blank\" class=\" wd-social-icon social-tg\" aria-label=\"Telegram social link\">\n\t\t\t\t\t\t<span class=\"wd-icon\"><\/span>\n\t\t\t\t\t\t\t\t\t\t\t<\/a>\n\t\t\t\t\t\t\t\t\n\t\t\t\t\n\t\t\t<\/div>\n\n\t\t\t\t\t\t\t\t\t<\/div>\n\t\t\t\t\t\t<\/div>\n\t\t\t\t\t\t\t\t\t\t\t\t\n\t\t\t\t\t\t\t\n\t\t\t\t                    <div class=\"entry-content wd-entry-content\">\n\t\t\t\t\t\t<p>L&rsquo;Allocation de Rentr\u00e9e Scolaire (ARS) augmente de 6 euros par enfant pour la rentr\u00e9e 2023, soulageant les familles.<br \/>\nCette allocation, destin\u00e9e aux enfants de 6 \u00e0 18 ans, b\u00e9n\u00e9ficie d&rsquo;une hausse de 1,5% depuis avril.<br \/>\nLes conditions de ressources d\u00e9terminent l&rsquo;\u00e9ligibilit\u00e9, avec des plafonds variables en fonction du nombre d&rsquo;enfants \u00e0 charge.<\/p>\n\n\t\t\t\t\t\t\t\t\t\t\t<\/div><!-- .entry-content -->\n\t\t\t\t\n\t\t\t\t\t\t\t\t\t\t\t\t\t\t<p class=\"read-more-section\">\n\t\t\t\t\t\t<a class=\"btn-read-more more-link\" href=\"https:\/\/hiceb.fr\/lallocation-de-rentree-scolaire-ars-augmente-pour-la-rentree-2023-un-soutien-financier-pour-les-familles\/\">Continue reading<\/a>\t\t\t\t\t<\/p>\n\t\t\t\t\t\t\t\t\t\t\t\n\t\t\t\n\t\t\t\t\t<\/div>\n\t<\/div>\n<\/article><!-- #post -->\n\n\n\t\t\t\t\t\n\t\t\t\t\t","status":"have-posts","nextPage":"https:\/\/hiceb.fr\/author\/elina\/page\/3\/?woo_ajax=1","currentPage":"https:\/\/hiceb.fr\/author\/elina\/page\/2"}